{"id":114513,"date":"2017-06-05T00:07:51","date_gmt":"2017-06-05T03:07:51","guid":{"rendered":"https:\/\/www.redenoticia.com.br\/noticia\/?p=114513"},"modified":"2017-06-03T16:00:37","modified_gmt":"2017-06-03T19:00:37","slug":"pesquisadores-do-para-desenvolvem-repelente-para-combater-o-aedes-aegypti","status":"publish","type":"post","link":"https:\/\/migracao.redenoticia.com.br\/noticia\/2017\/pesquisadores-do-para-desenvolvem-repelente-para-combater-o-aedes-aegypti\/114513","title":{"rendered":"Pesquisadores do Par\u00e1 desenvolvem repelente para combater o Aedes aegypti"},"content":{"rendered":"<p> Pesquisadores do Museu Paraense Em\u00edlio Goeldi (MPEG) desenvolvem <strong><em>repelente<\/em><\/strong> \u00e0 base de planta amaz\u00f4nica Montrichardia Linifera (nome cient\u00edfico da Aninga). O estudo teve inicio h\u00e1 10 anos, a partir da constata\u00e7\u00e3o de ribeirinhos que relataram a aus\u00eancia do mosquito transmissor da mal\u00e1ria nas regi\u00f5es onde s\u00e3o encontradas a Aninga.<\/p>\n<p>A pesquisadora do MPEG  Cristina Bastos do Amarante conta que um dos fatores que motivou o estudo da aninga foram os relatos de ribeirinhos. A partir da\u00ed, a pesquisa foi levada ao laborat\u00f3rio e vem tendo bons resultados. \u201dVimos que, realmente, os extratos desta planta inibem o crescimento dos ovos do Plasmodium Falciparum (parasita causador da mal\u00e1ria). Repetimos os testes e come\u00e7amos a ter resultados positivos,\u201d disse.<\/p>\n<p>Segundo os dados do Minist\u00e9rio da Ci\u00eancia, Tecnologia, Inova\u00e7\u00f5es e Comunica\u00e7\u00f5es (MCTIC), em 2016, 794 pessoas morreram em todo o pa\u00eds em consequ\u00eancias de doen\u00e7as transmitidas pelo Aedes Aegypti, tais como a dengue, Zika e a febre chikungunya.<\/p>\n<p>O MCTIC avalia positivamente a pesquisa que tem o prazo de cinco anos para ser conclu\u00edda, mas que esse tempo pode ser reduzido para apenas um ano, dependendo de parcerias que financiem os estudos.<\/p>\n<p>Wendel A. Sousa &#8211; Estagi\u00e1rio sob a supervis\u00e3o de Val\u00e9ria Aguiar<br \/>\nAg\u00eancia Brasil<br \/>\n05\/06\/2017<br \/>\n&#8212;<br \/>\nCriada em 2007 para fortalecer o sistema p\u00fablico de comunica\u00e7\u00e3o, a EBC \u00e9 gestora da TV Brasil, TV Brasil Internacional, Ag\u00eancia Brasil, Radioag\u00eancia Nacional e do sistema p\u00fablico de R\u00e1dio, composto por oito emissoras: R\u00e1dio Nacional AM do Rio de Janeiro (1.130 KHz), R\u00e1dio Nacional AM de Bras\u00edlia (980 KHz), Nacional FM de Bras\u00edlia (96,1 MHz), R\u00e1dio MEC AM do Rio de Janeiro (800 KHz), MEC FM do Rio de Janeiro (99,3 MHz), R\u00e1dio Nacional da Amaz\u00f4nia OC (11.780 KHz e 6.180 KHz), R\u00e1dio Nacional AM do Alto Solim\u00f5es (670 KHz) e R\u00e1dio Nacional FM do Alto Solim\u00f5es (96.1 MHz). Por sua independ\u00eancia editorial, os ve\u00edculos p\u00fablicos distinguem-se dos canais estatais ou governamentais. A rede de emissoras produz conte\u00fados diferenciados que a singulariza por espelhar de maneira mais fidedigna a complexidade cultural brasileira, ocupando um espa\u00e7o complementar, n\u00e3o preenchido pelos canais privados.<\/p>\n","protected":false},"excerpt":{"rendered":"<p>Pesquisadores do Museu Paraense Em\u00edlio Goeldi (MPEG) desenvolvem repelente \u00e0 base de planta amaz\u00f4nica Montrichardia Linifera (nome cient\u00edfico da Aninga). O estudo teve inicio h\u00e1 10 anos, a partir da constata\u00e7\u00e3o de ribeirinhos que relataram a aus\u00eancia do mosquito transmissor da mal\u00e1ria nas regi\u00f5es onde s\u00e3o encontradas a Aninga. A pesquisadora do MPEG Cristina Bastos [&hellip;]<\/p>\n","protected":false},"author":2,"featured_media":40847,"comment_status":"open","ping_status":"closed","sticky":false,"template":"","format":"standard","meta":{"tdm_status":"","tdm_grid_status":"","footnotes":""},"categories":[22,5],"tags":[],"class_list":{"0":"post-114513","1":"post","2":"type-post","3":"status-publish","4":"format-standard","5":"has-post-thumbnail","7":"category-brasil","8":"category-saude-e-vida"},"_links":{"self":[{"href":"https:\/\/migracao.redenoticia.com.br\/noticia\/wp-json\/wp\/v2\/posts\/114513","targetHints":{"allow":["GET"]}}],"collection":[{"href":"https:\/\/migracao.redenoticia.com.br\/noticia\/wp-json\/wp\/v2\/posts"}],"about":[{"href":"https:\/\/migracao.redenoticia.com.br\/noticia\/wp-json\/wp\/v2\/types\/post"}],"author":[{"embeddable":true,"href":"https:\/\/migracao.redenoticia.com.br\/noticia\/wp-json\/wp\/v2\/users\/2"}],"replies":[{"embeddable":true,"href":"https:\/\/migracao.redenoticia.com.br\/noticia\/wp-json\/wp\/v2\/comments?post=114513"}],"version-history":[{"count":0,"href":"https:\/\/migracao.redenoticia.com.br\/noticia\/wp-json\/wp\/v2\/posts\/114513\/revisions"}],"wp:featuredmedia":[{"embeddable":true,"href":"https:\/\/migracao.redenoticia.com.br\/noticia\/wp-json\/wp\/v2\/media\/40847"}],"wp:attachment":[{"href":"https:\/\/migracao.redenoticia.com.br\/noticia\/wp-json\/wp\/v2\/media?parent=114513"}],"wp:term":[{"taxonomy":"category","embeddable":true,"href":"https:\/\/migracao.redenoticia.com.br\/noticia\/wp-json\/wp\/v2\/categories?post=114513"},{"taxonomy":"post_tag","embeddable":true,"href":"https:\/\/migracao.redenoticia.com.br\/noticia\/wp-json\/wp\/v2\/tags?post=114513"}],"curies":[{"name":"wp","href":"https:\/\/api.w.org\/{rel}","templated":true}]}}