{"id":114524,"date":"2017-06-05T16:39:37","date_gmt":"2017-06-05T19:39:37","guid":{"rendered":"https:\/\/www.redenoticia.com.br\/noticia\/?p=114524"},"modified":"2017-06-06T16:20:04","modified_gmt":"2017-06-06T19:20:04","slug":"novela-ribeirao-do-tempo-resumo-0606-guilherme-se-encontra-com-diana","status":"publish","type":"post","link":"https:\/\/migracao.redenoticia.com.br\/noticia\/2017\/novela-ribeirao-do-tempo-resumo-0606-guilherme-se-encontra-com-diana\/114524","title":{"rendered":"Novela \u201cRibeir\u00e3o do Tempo\u201d resumo 06\/06: Guilherme se encontra com Diana"},"content":{"rendered":"<p> <img loading=\"lazy\" decoding=\"async\" src=\"https:\/\/migracao.redenoticia.com.br\/noticia\/imagens\/ribeirao_do_tempo_novela_record_resumo-150x112.jpg\" alt=\"\" width=\"150\" height=\"112\" class=\"alignleft size-thumbnail wp-image-108265\" srcset=\"https:\/\/migracao.redenoticia.com.br\/noticia\/imagens\/ribeirao_do_tempo_novela_record_resumo-150x112.jpg 150w, https:\/\/migracao.redenoticia.com.br\/noticia\/imagens\/ribeirao_do_tempo_novela_record_resumo-265x198.jpg 265w\" sizes=\"auto, (max-width: 150px) 100vw, 150px\" \/><strong><em>Novela \u201cRibeir\u00e3o do Tempo\u201d resumo 06\/06<\/em><\/strong>: no capitulo 066 (*) da novela \u201cRibeir\u00e3o do Tempo\u201d, ter\u00e7a-feira, 06 de junho, o professor explica ao senador que Joca est\u00e1 se tornando inconveniente e pede para ele providenciar uma mat\u00e9ria na Folha da Corredeira que trate o detetive como her\u00f3i. Arminda coloca Diana para dormir e confessa \u00e0 menina que \u00e0s vezes sente-se muito sozinha. Arminda liga para Joca para dar not\u00edcias sobre Diana. Tito e Clor\u00eds recebem Nasinho na pousada. O escrevente explica que representa uma pessoa que tem interesse em comprar a propriedade. Tito pede para Nasinho avisar ao interessado que n\u00e3o far\u00e1 neg\u00f3cio. Clor\u00eds e Tito discutem por conta da proposta de Nasinho. <\/p>\n<p>Virg\u00edlio interrompe a discuss\u00e3o e ressalta que a oferta \u00e9 excelente, mas Tito diz que n\u00e3o pretende vender a pousada. Arminda vai com Diana at\u00e9 a escola para matricul\u00e1-la. Nicolau deixa claro para Lincon que Joca foi o \u00fanico que levantou uma pista sobre o assassinato do senador \u00c9rico e, por isso, deve ser exaltado na reportagem. Nicolau preside uma reuni\u00e3o com Ari, Bruno e dois correligion\u00e1rios e afirma que tem d\u00favidas quanto \u00e0 candidatura de Ari. <\/p>\n<p>Flores explica a Sereno que quer fazer de Quer\u00eancio o futuro prefeito de Ribeir\u00e3o do Tempo. Nicolau fala para Ari que talvez seja melhor ele se lan\u00e7ar como deputado. Ari fica desnorteado com a declara\u00e7\u00e3o do senador e fala para Bruno que quer conversar com ele. Arminda se abre com Joca e diz que est\u00e1 se sentindo isolada. Joca promete a Arminda que vai conversar com Filomena para tentar ajud\u00e1-la. Bruno v\u00ea Joca saindo da sala de Arminda e estranha. Bruno e Arminda discutem e o engenheiro pergunta que tipo de rela\u00e7\u00e3o ela tem com o detetive. Guilherme v\u00ea Diana e fica muito feliz. Diana diz a Guilherme que n\u00e3o acha certo ele ignorar Carlos. Nasinho fala para Nicolau que Clor\u00eds vai acabar convencendo Tito a vender a pousada. O senador revela ao escrevente que a popula\u00e7\u00e3o de Ribeir\u00e3o do Tempoter\u00e1 uma surpresa em breve. Tito deixa claro para Clor\u00eds que n\u00e3o vai vender seu empreendimento e conta que o advogado de Newton disse que ele deve sair da cadeia logo. <\/p>\n<p>(*) edi\u00e7\u00e3o da Rede Record, Novela \u201cRibeir\u00e3o do Tempo\u201d, sujeito a altera\u00e7\u00e3o de data e conte\u00fado.<\/p>\n","protected":false},"excerpt":{"rendered":"<p>Novela \u201cRibeir\u00e3o do Tempo\u201d resumo 06\/06: no capitulo 066 (*) da novela \u201cRibeir\u00e3o do Tempo\u201d, ter\u00e7a-feira, 06 de junho, o professor explica ao senador que Joca est\u00e1 se tornando inconveniente e pede para ele providenciar uma mat\u00e9ria na Folha da Corredeira que trate o detetive como her\u00f3i. Arminda coloca Diana para dormir e confessa \u00e0 [&hellip;]<\/p>\n","protected":false},"author":2,"featured_media":108265,"comment_status":"open","ping_status":"closed","sticky":false,"template":"","format":"standard","meta":{"tdm_status":"","tdm_grid_status":"","footnotes":""},"categories":[379,371,343],"tags":[441],"class_list":{"0":"post-114524","1":"post","2":"type-post","3":"status-publish","4":"format-standard","5":"has-post-thumbnail","7":"category-novelas","8":"category-rede-record","9":"category-televisao","10":"tag-resumo-do-dia"},"_links":{"self":[{"href":"https:\/\/migracao.redenoticia.com.br\/noticia\/wp-json\/wp\/v2\/posts\/114524","targetHints":{"allow":["GET"]}}],"collection":[{"href":"https:\/\/migracao.redenoticia.com.br\/noticia\/wp-json\/wp\/v2\/posts"}],"about":[{"href":"https:\/\/migracao.redenoticia.com.br\/noticia\/wp-json\/wp\/v2\/types\/post"}],"author":[{"embeddable":true,"href":"https:\/\/migracao.redenoticia.com.br\/noticia\/wp-json\/wp\/v2\/users\/2"}],"replies":[{"embeddable":true,"href":"https:\/\/migracao.redenoticia.com.br\/noticia\/wp-json\/wp\/v2\/comments?post=114524"}],"version-history":[{"count":0,"href":"https:\/\/migracao.redenoticia.com.br\/noticia\/wp-json\/wp\/v2\/posts\/114524\/revisions"}],"wp:featuredmedia":[{"embeddable":true,"href":"https:\/\/migracao.redenoticia.com.br\/noticia\/wp-json\/wp\/v2\/media\/108265"}],"wp:attachment":[{"href":"https:\/\/migracao.redenoticia.com.br\/noticia\/wp-json\/wp\/v2\/media?parent=114524"}],"wp:term":[{"taxonomy":"category","embeddable":true,"href":"https:\/\/migracao.redenoticia.com.br\/noticia\/wp-json\/wp\/v2\/categories?post=114524"},{"taxonomy":"post_tag","embeddable":true,"href":"https:\/\/migracao.redenoticia.com.br\/noticia\/wp-json\/wp\/v2\/tags?post=114524"}],"curies":[{"name":"wp","href":"https:\/\/api.w.org\/{rel}","templated":true}]}}