{"id":114538,"date":"2017-06-03T16:21:51","date_gmt":"2017-06-03T19:21:51","guid":{"rendered":"https:\/\/www.redenoticia.com.br\/noticia\/?p=114538"},"modified":"2017-06-03T16:21:51","modified_gmt":"2017-06-03T19:21:51","slug":"resumo-novela-o-que-a-vida-me-roubou-0506-alessandro-sai-do-coma","status":"publish","type":"post","link":"https:\/\/migracao.redenoticia.com.br\/noticia\/2017\/resumo-novela-o-que-a-vida-me-roubou-0506-alessandro-sai-do-coma\/114538","title":{"rendered":"Resumo novela \u201cO Que A Vida Me Roubou\u201d 05\/06: Alessandro sai do coma"},"content":{"rendered":"<p> <img loading=\"lazy\" decoding=\"async\" src=\"https:\/\/migracao.redenoticia.com.br\/noticia\/imagens\/o-que-a-vida-me-roubou-novela-resumo-sbt-150x112.jpg\" alt=\"\" width=\"150\" height=\"112\" class=\"alignleft size-thumbnail wp-image-105656\" srcset=\"https:\/\/migracao.redenoticia.com.br\/noticia\/imagens\/o-que-a-vida-me-roubou-novela-resumo-sbt-150x112.jpg 150w, https:\/\/migracao.redenoticia.com.br\/noticia\/imagens\/o-que-a-vida-me-roubou-novela-resumo-sbt-265x198.jpg 265w\" sizes=\"auto, (max-width: 150px) 100vw, 150px\" \/><strong><em>Resumo novela \u201cO Que A Vida Me Roubou\u201d 05\/06<\/em><\/strong>: no cap\u00edtulo 091(*) da novela \u201cO Que A Vida Me Roubou\u201d, resumo de segunda-feira, 05 de junho, Ros\u00e1rio continua a acreditar que Alessandro est\u00e1 vivo diz a Montserrat que Jos\u00e9 Lu\u00eds est\u00e1 a tentar reconquist\u00e1-la. Demetrio e M\u00f3nica jantam juntos e acabam por se beijar, dando in\u00edcio a um romance apaixonado. Josefina vai ao concerto onde N\u00e1dia est\u00e1 a tocar piano e visita-a nos bastidores para lhe dar os parab\u00e9ns. <\/p>\n<p>Josefina apercebe-se que N\u00e1dia est\u00e1 cega, por causa do acidente que teve com V\u00edtor e Alessandro. A vida vai recompensar tudo o que Jos\u00e9 Lu\u00eds sofreu e por fim ir\u00e1 recuperar o amor de Montserrat. Ros\u00e1rio n\u00e3o aprova esta rela\u00e7\u00e3o e procura Jos\u00e9 Lu\u00eds para lhe dizer que n\u00e3o vai permitir que ele roube o amor do seu neto. Josefina conhece a filha de N\u00e1dia e V\u00edtor e ajuda a pagar as despesas dos tratamentos de Alessandro. Depois de muitos anos em coma, Alessandro acorda. <\/p>\n<p>Carlos Torres \u00e9 o novo embaixador na Argentina e ao ver N\u00e1dia tocar, decide convidar Pedro para a conhecer. Ao ver uma foto da pianista, Pedro decide investigar tudo sobre ela pois \u00e9 muito parecida com a sua esposa falecida. A rela\u00e7\u00e3o entre Montserrat e Jos\u00e9 Lu\u00eds est\u00e1 cada vez mais pr\u00f3xima e Laurinho tamb\u00e9m ganha uma grande amizade com ele. Depois de Ros\u00e1rio conhecer melhor Jos\u00e9 Lu\u00eds, acaba por aceitar que Montserrat volte a apaixonar-se por outra pessoa.<\/p>\n<p>(*) edi\u00e7\u00e3o do SBT, Novela \u201cO Que A Vida Me Roubou\u201d, sujeito a altera\u00e7\u00e3o de data e conte\u00fado.<\/p>\n<p>Lo que la vida me rob\u00f3 (no Brasil, O Que a Vida Me Roubou) \u00e9 uma telenovela mexicana produzida por Angelli Nesma Medina para Televisa e exibida pelo Canal de las Estrellas entre 28 de outubro de 2013 e 27 de julho de 2014 em 196 cap\u00edtulos, substituindo La tempestad e sendo substitu\u00edda por Hasta el fin del mundo. A original \u00e9 de Caridad Bravo Adams, sendo esta um remake modernizado das novelas Bodas de odio e Amor real, produzidas em 1983 e 2003, respectivamente. Tem Angelique Boyer, Sebasti\u00e1n Rulli, Luis Roberto Guzm\u00e1n, Daniela Castro, Grettell Vald\u00e9z, Sergio Sendel e Lisset nos papeis principais.<\/p>\n","protected":false},"excerpt":{"rendered":"<p>Resumo novela \u201cO Que A Vida Me Roubou\u201d 05\/06: no cap\u00edtulo 091(*) da novela \u201cO Que A Vida Me Roubou\u201d, resumo de segunda-feira, 05 de junho, Ros\u00e1rio continua a acreditar que Alessandro est\u00e1 vivo diz a Montserrat que Jos\u00e9 Lu\u00eds est\u00e1 a tentar reconquist\u00e1-la. Demetrio e M\u00f3nica jantam juntos e acabam por se beijar, dando [&hellip;]<\/p>\n","protected":false},"author":2,"featured_media":105656,"comment_status":"open","ping_status":"closed","sticky":false,"template":"","format":"standard","meta":{"tdm_status":"","tdm_grid_status":"","footnotes":""},"categories":[379,372,343],"tags":[441],"class_list":{"0":"post-114538","1":"post","2":"type-post","3":"status-publish","4":"format-standard","5":"has-post-thumbnail","7":"category-novelas","8":"category-sbt","9":"category-televisao","10":"tag-resumo-do-dia"},"_links":{"self":[{"href":"https:\/\/migracao.redenoticia.com.br\/noticia\/wp-json\/wp\/v2\/posts\/114538","targetHints":{"allow":["GET"]}}],"collection":[{"href":"https:\/\/migracao.redenoticia.com.br\/noticia\/wp-json\/wp\/v2\/posts"}],"about":[{"href":"https:\/\/migracao.redenoticia.com.br\/noticia\/wp-json\/wp\/v2\/types\/post"}],"author":[{"embeddable":true,"href":"https:\/\/migracao.redenoticia.com.br\/noticia\/wp-json\/wp\/v2\/users\/2"}],"replies":[{"embeddable":true,"href":"https:\/\/migracao.redenoticia.com.br\/noticia\/wp-json\/wp\/v2\/comments?post=114538"}],"version-history":[{"count":0,"href":"https:\/\/migracao.redenoticia.com.br\/noticia\/wp-json\/wp\/v2\/posts\/114538\/revisions"}],"wp:featuredmedia":[{"embeddable":true,"href":"https:\/\/migracao.redenoticia.com.br\/noticia\/wp-json\/wp\/v2\/media\/105656"}],"wp:attachment":[{"href":"https:\/\/migracao.redenoticia.com.br\/noticia\/wp-json\/wp\/v2\/media?parent=114538"}],"wp:term":[{"taxonomy":"category","embeddable":true,"href":"https:\/\/migracao.redenoticia.com.br\/noticia\/wp-json\/wp\/v2\/categories?post=114538"},{"taxonomy":"post_tag","embeddable":true,"href":"https:\/\/migracao.redenoticia.com.br\/noticia\/wp-json\/wp\/v2\/tags?post=114538"}],"curies":[{"name":"wp","href":"https:\/\/api.w.org\/{rel}","templated":true}]}}