{"id":114540,"date":"2017-06-03T16:22:50","date_gmt":"2017-06-03T19:22:50","guid":{"rendered":"https:\/\/www.redenoticia.com.br\/noticia\/?p=114540"},"modified":"2017-06-03T16:22:50","modified_gmt":"2017-06-03T19:22:50","slug":"resumo-novela-carinha-de-anjo-0506-dulce-maria-e-castigada","status":"publish","type":"post","link":"https:\/\/migracao.redenoticia.com.br\/noticia\/2017\/resumo-novela-carinha-de-anjo-0506-dulce-maria-e-castigada\/114540","title":{"rendered":"Resumo novela \u201cCarinha de Anjo\u201d 05\/06: Dulce Maria \u00e9 castigada"},"content":{"rendered":"<p> <img loading=\"lazy\" decoding=\"async\" class=\"alignleft size-thumbnail wp-image-99331\" src=\"https:\/\/migracao.redenoticia.com.br\/noticia\/imagens\/carinha_de_anjo_sbt_novela_resumo_capitulo-150x112.jpg\" alt=\"carinha_de_anjo_sbt_novela_resumo_capitulo\" width=\"150\" height=\"112\" srcset=\"https:\/\/migracao.redenoticia.com.br\/noticia\/imagens\/carinha_de_anjo_sbt_novela_resumo_capitulo-150x112.jpg 150w, https:\/\/migracao.redenoticia.com.br\/noticia\/imagens\/carinha_de_anjo_sbt_novela_resumo_capitulo-265x198.jpg 265w\" sizes=\"auto, (max-width: 150px) 100vw, 150px\" \/><strong><em>Resumo novela \u201cCarinha de Anjo\u201d 05\/06<\/em><\/strong>: no cap\u00edtulo 141(*) da novela \u201cCarinha de Anjo\u201d, resumo de segunda-feira, 05 de junho, Franciely diz para Silvestre que conseguiu colocar Ribeiro na cola de Selene (Gabriela Petry). Dulce \u00e9 castigada e n\u00e3o pode sair do col\u00e9gio no final de semana. As novi\u00e7as tamb\u00e9m sofrem puni\u00e7\u00f5es por tudo que fizeram e, por isso, ter\u00e3o que cuidar da horta. Dulce Maria pede para que a Madre Superiora n\u00e3o castigue as irm\u00e3s Cec\u00edlia e Fabiana, mas sem sucesso. Gustavo pede para que Silvana entregue o curr\u00edculo de Fl\u00e1vio no RH sem nenhuma recomenda\u00e7\u00e3o. <\/p>\n<p>Estef\u00e2nia chega em casa e \u00e9 recebida pelo Padre Gabriel. Vitor aparece no apartamento e o Padre pede para que a Tia Perucas escute o que Vitor tem a dizer. Estef\u00e2nia \u00e9 rude com Vitor e anuncia que o noivado dos dois chegou ao fim. Vitor vai embora triste para respeitar o pedido de Estef\u00e2nia. Ver\u00f4nica convida Crist\u00f3v\u00e3o para jantar em sua casa com a inten\u00e7\u00e3o de fazer com que ele e F\u00e1tima se apaixonem. Por\u00e9m, o advogado est\u00e1 interessado mesmo em Silvana, que por sua vez garante para F\u00e1tima que Crist\u00f3v\u00e3o n\u00e3o faz o seu tipo. Silvana recebe o curr\u00edculo de Fl\u00e1vio e resolve ler por achar ele um homem interessante. <\/p>\n<p>Z\u00e9 Felipe ensaia com Zeca, mas o garoto desafina muito durante as m\u00fasicas. Rosana e Miguel v\u00e3o at\u00e9 a casa de Gustavo para falar com Estef\u00e2nia. Dulce Maria sonha mais uma vez com a m\u00e3e, Tereza. Dulce brinca em um mercadinho imagin\u00e1rio enquanto fala com a m\u00e3e sobre os \u00faltimos acontecimentos. Rosana tenta explicar para Estef\u00e2nia que ela est\u00e1 exagerando ao terminar o noivado com Vitor. Gustavo descobre que Dulce est\u00e1 de castigo e passar\u00e1 o final de semana no col\u00e9gio sob cuidado de irm\u00e3 Luzia (Laryssa Dias).<\/p>\n<p>(*) edi\u00e7\u00e3o do SBT, Novela \u201cCarinha de Anjo\u201d, sujeito a altera\u00e7\u00e3o de data e conte\u00fado.<\/p>\n<p>Carinha de Anjo \u00e9 uma telenovela brasileira produzida e exibida originalmente pelo SBT desde o dia 21 de novembro de 2016, substituindo o hor\u00e1rio anteriormente ocupado por C\u00famplices de um Resgate. A telenovela \u00e9 inspirada na mexicana Carita de \u00e1ngel, que, por sua vez, \u00e9 um remake de Mundo de juguete, ambas produzidas pela Televisa e que haviam sido baseadas na trama argentina escrita por Abel Santa Cruz, Pap\u00e1 coraz\u00f3n. Esta ser\u00e1 a segunda adapta\u00e7\u00e3o brasileira da obra original argentina, visto que a Rede Tupi apresentou em 1976 a sua primeira vers\u00e3o, chamada de Papai Cora\u00e7\u00e3o. A nova vers\u00e3o \u00e9 escrita por Leonor Corr\u00eaa, com supervis\u00e3o de \u00cdris Abravanel e dire\u00e7\u00e3o geral de Ricardo Mantoanelli. A trama conta com Lorena Queiroz, Bia Arantes, Carlo Porto, Priscila Sol, Dani Gondim, Karin Hils, Eliana Guttman e Lucero nos pap\u00e9is principais.<\/p>\n","protected":false},"excerpt":{"rendered":"<p>Resumo novela \u201cCarinha de Anjo\u201d 05\/06: no cap\u00edtulo 141(*) da novela \u201cCarinha de Anjo\u201d, resumo de segunda-feira, 05 de junho, Franciely diz para Silvestre que conseguiu colocar Ribeiro na cola de Selene (Gabriela Petry). Dulce \u00e9 castigada e n\u00e3o pode sair do col\u00e9gio no final de semana. As novi\u00e7as tamb\u00e9m sofrem puni\u00e7\u00f5es por tudo que [&hellip;]<\/p>\n","protected":false},"author":2,"featured_media":99331,"comment_status":"open","ping_status":"closed","sticky":false,"template":"","format":"standard","meta":{"tdm_status":"","tdm_grid_status":"","footnotes":""},"categories":[452,379,372,343],"tags":[441],"class_list":{"0":"post-114540","1":"post","2":"type-post","3":"status-publish","4":"format-standard","5":"has-post-thumbnail","7":"category-carinha-de-anjo","8":"category-novelas","9":"category-sbt","10":"category-televisao","11":"tag-resumo-do-dia"},"_links":{"self":[{"href":"https:\/\/migracao.redenoticia.com.br\/noticia\/wp-json\/wp\/v2\/posts\/114540","targetHints":{"allow":["GET"]}}],"collection":[{"href":"https:\/\/migracao.redenoticia.com.br\/noticia\/wp-json\/wp\/v2\/posts"}],"about":[{"href":"https:\/\/migracao.redenoticia.com.br\/noticia\/wp-json\/wp\/v2\/types\/post"}],"author":[{"embeddable":true,"href":"https:\/\/migracao.redenoticia.com.br\/noticia\/wp-json\/wp\/v2\/users\/2"}],"replies":[{"embeddable":true,"href":"https:\/\/migracao.redenoticia.com.br\/noticia\/wp-json\/wp\/v2\/comments?post=114540"}],"version-history":[{"count":0,"href":"https:\/\/migracao.redenoticia.com.br\/noticia\/wp-json\/wp\/v2\/posts\/114540\/revisions"}],"wp:featuredmedia":[{"embeddable":true,"href":"https:\/\/migracao.redenoticia.com.br\/noticia\/wp-json\/wp\/v2\/media\/99331"}],"wp:attachment":[{"href":"https:\/\/migracao.redenoticia.com.br\/noticia\/wp-json\/wp\/v2\/media?parent=114540"}],"wp:term":[{"taxonomy":"category","embeddable":true,"href":"https:\/\/migracao.redenoticia.com.br\/noticia\/wp-json\/wp\/v2\/categories?post=114540"},{"taxonomy":"post_tag","embeddable":true,"href":"https:\/\/migracao.redenoticia.com.br\/noticia\/wp-json\/wp\/v2\/tags?post=114540"}],"curies":[{"name":"wp","href":"https:\/\/api.w.org\/{rel}","templated":true}]}}