{"id":114542,"date":"2017-06-03T16:23:56","date_gmt":"2017-06-03T19:23:56","guid":{"rendered":"https:\/\/www.redenoticia.com.br\/noticia\/?p=114542"},"modified":"2017-06-03T16:23:56","modified_gmt":"2017-06-03T19:23:56","slug":"resumo-novela-chiquititas-0506-binho-vai-parar-na-delegacia","status":"publish","type":"post","link":"https:\/\/migracao.redenoticia.com.br\/noticia\/2017\/resumo-novela-chiquititas-0506-binho-vai-parar-na-delegacia\/114542","title":{"rendered":"Resumo novela \u201cChiquititas\u201d 05\/06: Binho vai parar na delegacia"},"content":{"rendered":"<p> <img loading=\"lazy\" decoding=\"async\" class=\"alignleft size-thumbnail wp-image-49690\" src=\"https:\/\/migracao.redenoticia.com.br\/noticia\/imagens\/chiquititas1-150x112.jpg\" alt=\"chiquititas\" width=\"150\" height=\"112\" \/><strong><em>Resumo novela \u201cChiquititas\u201d 05\/06<\/em><\/strong>: no cap\u00edtulo 190(*) da novela \u201cChiquititas\u201d, resumo de segunda-feira, 05 de junho, a pol\u00edcia liga no Orfanato Raio de Luz e avisa que Binho est\u00e1 na delegacia. Carol e Junior tamb\u00e9m s\u00e3o avisados. Carol tenta falar com o delegado, que alerta que o menino ir\u00e1 para o reformat\u00f3rio. Junior chega \u00e0 delegacia e tenta falar com o delegado, mas dessa vez com sucesso. Junior leva Binho e Carol de volta ao orfanato. <\/p>\n<p>Carol conversa com Fernando. Ela pede desculpa, diz que est\u00e1 confundindo as coisas e que ainda gosta de Junior. Fernando fica triste, diz que gosta muito dela e que n\u00e3o quer se afastar. Ele diz que assim que ela souber que Junior n\u00e3o \u00e9 o cara certo, ele estar\u00e1 a sua espera. Cintia diz para Jos\u00e9 Ricardo que ele \u00e9 muito importante para ela \u00e9 que Carmen ir\u00e1 tentar manipular ele contra o relacionamento dos dois. Tom\u00e1s Ferraz faz sua primeira apresenta\u00e7\u00e3o com novo look, que \u00e9 inspirado em sertanejo universit\u00e1rio. A apresenta\u00e7\u00e3o acontece durante o processo seletivo que ir\u00e1 escolher sua nova backing vocal. <\/p>\n<p>\u00c9rica e Clarita participam da sele\u00e7\u00e3o. Beto vai at\u00e9 o Caf\u00e9 Boutique e pede seu emprego de volta para Maria Cec\u00edlia. Ela diz que est\u00e3o precisando de um gar\u00e7om e ele fica contente. Beto diz que Tobias est\u00e1 fora de si e acredita ser realmente Tom\u00e1s Ferraz. Beto explica que acredita que apenas Maria Cec\u00edlia possa fazer com que Tobias volte ao normal, afinal, foi por conta dela que Tobias criou o personagem Tom\u00e1s Ferraz. Durante o processo seletivo, o novo empres\u00e1rio de Tom\u00e1s anuncia Miranda e Arnaldo Saccomani como avaliadores.<\/p>\n<p>(*) edi\u00e7\u00e3o do SBT, Novela \u201cChiquititas\u201d, sujeito a altera\u00e7\u00e3o de data e conte\u00fado.<\/p>\n<p>Chiquititas gira em torno do orfanato Raio de Luz, que carrega em sua hist\u00f3ria um grande segredo envolvendo a fam\u00edlia e o dono do orfanato, Dr. Jos\u00e9 Ricardo Almeida Campos. Em um per\u00edodo anterior \u00e0 novela, exatos treze anos, sua filha Gabriela se apaixonou e ficou gr\u00e1vida de Miguel, filho de Valentina, empregada da casa dos Almeida Campos. Pouco depois, Jos\u00e9 Ricardo sequestrou sua neta, pois, como um homem conservador, ele n\u00e3o aceitava a ideia de que sua filha se envolvesse com um empregado. Como sua neta, Milena, apelidada como Mili, precisava de um lugar para morar, ele comprou um casar\u00e3o e fundou um orfanato, o Raio de Luz. Mili cresceu l\u00e1 com outras garotas que chegaram posteriormente: Bia, Ana, as irm\u00e3s Tati e Vivi, e Cris. Ao decorrer dos anos, elas se tornam uma fam\u00edlia. Elas s\u00e3o supervisionadas por Ernestina, zeladora do orfanato, e Chico, o cozinheiro amado pelas internas. Sofia, ex-governanta da fam\u00edlia Almeida Campos, \u00e9 a diretora do lugar, at\u00e9 que Carmem, irm\u00e3 de Jos\u00e9 Ricardo, entre em seu lugar. Chegam ainda mais \u00f3rf\u00e3os: Pata, Mosca, Binho e Rafa, que viviam nas ruas antes de entrarem na institui\u00e7\u00e3o. Pata e Mili tornam-se amigas rapidamente, enquanto Mosca, Binho e Rafa s\u00e3o os primeiros garotos a entrar no abrigo. As crian\u00e7as sem-teto foram ajudadas por uma doce e bela garota que tocam e mudam a vida delas, assim como as das garotas \u00f3rf\u00e3s.<\/p>\n","protected":false},"excerpt":{"rendered":"<p>Resumo novela \u201cChiquititas\u201d 05\/06: no cap\u00edtulo 190(*) da novela \u201cChiquititas\u201d, resumo de segunda-feira, 05 de junho, a pol\u00edcia liga no Orfanato Raio de Luz e avisa que Binho est\u00e1 na delegacia. Carol e Junior tamb\u00e9m s\u00e3o avisados. Carol tenta falar com o delegado, que alerta que o menino ir\u00e1 para o reformat\u00f3rio. Junior chega \u00e0 [&hellip;]<\/p>\n","protected":false},"author":2,"featured_media":49690,"comment_status":"open","ping_status":"closed","sticky":false,"template":"","format":"standard","meta":{"tdm_status":"","tdm_grid_status":"","footnotes":""},"categories":[409,379,372,343],"tags":[441],"class_list":{"0":"post-114542","1":"post","2":"type-post","3":"status-publish","4":"format-standard","5":"has-post-thumbnail","7":"category-chiquititas","8":"category-novelas","9":"category-sbt","10":"category-televisao","11":"tag-resumo-do-dia"},"_links":{"self":[{"href":"https:\/\/migracao.redenoticia.com.br\/noticia\/wp-json\/wp\/v2\/posts\/114542","targetHints":{"allow":["GET"]}}],"collection":[{"href":"https:\/\/migracao.redenoticia.com.br\/noticia\/wp-json\/wp\/v2\/posts"}],"about":[{"href":"https:\/\/migracao.redenoticia.com.br\/noticia\/wp-json\/wp\/v2\/types\/post"}],"author":[{"embeddable":true,"href":"https:\/\/migracao.redenoticia.com.br\/noticia\/wp-json\/wp\/v2\/users\/2"}],"replies":[{"embeddable":true,"href":"https:\/\/migracao.redenoticia.com.br\/noticia\/wp-json\/wp\/v2\/comments?post=114542"}],"version-history":[{"count":0,"href":"https:\/\/migracao.redenoticia.com.br\/noticia\/wp-json\/wp\/v2\/posts\/114542\/revisions"}],"wp:featuredmedia":[{"embeddable":true,"href":"https:\/\/migracao.redenoticia.com.br\/noticia\/wp-json\/wp\/v2\/media\/49690"}],"wp:attachment":[{"href":"https:\/\/migracao.redenoticia.com.br\/noticia\/wp-json\/wp\/v2\/media?parent=114542"}],"wp:term":[{"taxonomy":"category","embeddable":true,"href":"https:\/\/migracao.redenoticia.com.br\/noticia\/wp-json\/wp\/v2\/categories?post=114542"},{"taxonomy":"post_tag","embeddable":true,"href":"https:\/\/migracao.redenoticia.com.br\/noticia\/wp-json\/wp\/v2\/tags?post=114542"}],"curies":[{"name":"wp","href":"https:\/\/api.w.org\/{rel}","templated":true}]}}