{"id":114548,"date":"2017-06-03T16:27:34","date_gmt":"2017-06-03T19:27:34","guid":{"rendered":"https:\/\/www.redenoticia.com.br\/noticia\/?p=114548"},"modified":"2017-06-03T16:28:11","modified_gmt":"2017-06-03T19:28:11","slug":"resumo-novela-novo-mundo-0506-anna-e-joaquim-se-beijam","status":"publish","type":"post","link":"https:\/\/migracao.redenoticia.com.br\/noticia\/2017\/resumo-novela-novo-mundo-0506-anna-e-joaquim-se-beijam\/114548","title":{"rendered":"Resumo novela \u201cNovo Mundo\u201d 05\/06: Anna e Joaquim se beijam"},"content":{"rendered":"<p> <img loading=\"lazy\" decoding=\"async\" class=\"alignleft size-thumbnail wp-image-107950\" src=\"https:\/\/migracao.redenoticia.com.br\/noticia\/imagens\/novo_mundo_novela_resumo_globo-150x112.jpg\" alt=\"\" width=\"150\" height=\"112\" srcset=\"https:\/\/migracao.redenoticia.com.br\/noticia\/imagens\/novo_mundo_novela_resumo_globo-150x112.jpg 150w, https:\/\/migracao.redenoticia.com.br\/noticia\/imagens\/novo_mundo_novela_resumo_globo-265x198.jpg 265w\" sizes=\"auto, (max-width: 150px) 100vw, 150px\" \/><strong><em>Resumo novela \u201cNovo Mundo\u201d 05\/06<\/em><\/strong>: no cap\u00edtulo 065(*) da novela \u201cNovo Mundo\u201d, resumo de segunda-feira, 05 de junho, Thomas flagra Anna no escrit\u00f3rio. Dom Pedro faz as pazes com Domitila. Piat\u00e3 n\u00e3o deixa Ferdinando invadir a aldeia Tucar\u00e9. Leopoldina sente o cheiro do perfume de Domitila em Dom Pedro. Elvira encontra o caderno de anota\u00e7\u00f5es de Joaquim. Sebasti\u00e3o descobre a fuga de seus escravos e desconfia de Diara. Germana perde todo o seu dinheiro. Elvira entrega a Thomas o caderno de anota\u00e7\u00f5es do marido. Anna afirma a Joaquim que descobrir\u00e1 o que aconteceu com seu pai. Thomas manda Elvira destruir as provas que Joaquim tem contra ele. Anna e Joaquim se beijam.<\/p>\n<p>(*) edi\u00e7\u00e3o da Rede Globo, Novela \u201cNovo Mundo\u201d, sujeito a altera\u00e7\u00e3o de data e conte\u00fado.<\/p>\n<p>Novo Mundo \u00e9 uma telenovela brasileira produzida pela Rede Globo. Escrita por Thereza Falc\u00e3o e Alessandro Marson, conta com dire\u00e7\u00e3o art\u00edstica de Vin\u00edcius Coimbra. Conta com as participa\u00e7\u00f5es de Isabelle Drummond, Chay Suede, Caio Castro, Let\u00edcia Colin, Leo Jaime, D\u00e9bora Olivieri, Rodrigo Simas, Giullia Buscacio, Vivianne Pasmanter, Guilherme Piva, R\u00f4mulo Estrela, Agatha Moreira, Luisa Micheletti, Gabriel Braga Nunes, e Ingrid Guimar\u00e3es.<\/p>\n","protected":false},"excerpt":{"rendered":"<p>Resumo novela \u201cNovo Mundo\u201d 05\/06: no cap\u00edtulo 065(*) da novela \u201cNovo Mundo\u201d, resumo de segunda-feira, 05 de junho, Thomas flagra Anna no escrit\u00f3rio. Dom Pedro faz as pazes com Domitila. Piat\u00e3 n\u00e3o deixa Ferdinando invadir a aldeia Tucar\u00e9. Leopoldina sente o cheiro do perfume de Domitila em Dom Pedro. Elvira encontra o caderno de anota\u00e7\u00f5es [&hellip;]<\/p>\n","protected":false},"author":2,"featured_media":107950,"comment_status":"open","ping_status":"closed","sticky":false,"template":"","format":"standard","meta":{"tdm_status":"","tdm_grid_status":"","footnotes":""},"categories":[379,375,343],"tags":[441],"class_list":{"0":"post-114548","1":"post","2":"type-post","3":"status-publish","4":"format-standard","5":"has-post-thumbnail","7":"category-novelas","8":"category-rede-globo","9":"category-televisao","10":"tag-resumo-do-dia"},"_links":{"self":[{"href":"https:\/\/migracao.redenoticia.com.br\/noticia\/wp-json\/wp\/v2\/posts\/114548","targetHints":{"allow":["GET"]}}],"collection":[{"href":"https:\/\/migracao.redenoticia.com.br\/noticia\/wp-json\/wp\/v2\/posts"}],"about":[{"href":"https:\/\/migracao.redenoticia.com.br\/noticia\/wp-json\/wp\/v2\/types\/post"}],"author":[{"embeddable":true,"href":"https:\/\/migracao.redenoticia.com.br\/noticia\/wp-json\/wp\/v2\/users\/2"}],"replies":[{"embeddable":true,"href":"https:\/\/migracao.redenoticia.com.br\/noticia\/wp-json\/wp\/v2\/comments?post=114548"}],"version-history":[{"count":0,"href":"https:\/\/migracao.redenoticia.com.br\/noticia\/wp-json\/wp\/v2\/posts\/114548\/revisions"}],"wp:featuredmedia":[{"embeddable":true,"href":"https:\/\/migracao.redenoticia.com.br\/noticia\/wp-json\/wp\/v2\/media\/107950"}],"wp:attachment":[{"href":"https:\/\/migracao.redenoticia.com.br\/noticia\/wp-json\/wp\/v2\/media?parent=114548"}],"wp:term":[{"taxonomy":"category","embeddable":true,"href":"https:\/\/migracao.redenoticia.com.br\/noticia\/wp-json\/wp\/v2\/categories?post=114548"},{"taxonomy":"post_tag","embeddable":true,"href":"https:\/\/migracao.redenoticia.com.br\/noticia\/wp-json\/wp\/v2\/tags?post=114548"}],"curies":[{"name":"wp","href":"https:\/\/api.w.org\/{rel}","templated":true}]}}