{"id":114571,"date":"2017-06-04T19:01:37","date_gmt":"2017-06-04T22:01:37","guid":{"rendered":"https:\/\/www.redenoticia.com.br\/noticia\/?p=114571"},"modified":"2017-06-05T18:27:39","modified_gmt":"2017-06-05T21:27:39","slug":"resumo-novela-rock-story-0506-ultimo-capitulo","status":"publish","type":"post","link":"https:\/\/migracao.redenoticia.com.br\/noticia\/2017\/resumo-novela-rock-story-0506-ultimo-capitulo\/114571","title":{"rendered":"Resumo novela \u201cRock Story\u201d 05\/06: \u00faltimo cap\u00edtulo"},"content":{"rendered":"<p><img loading=\"lazy\" decoding=\"async\" class=\"alignleft size-thumbnail wp-image-97429\" src=\"https:\/\/migracao.redenoticia.com.br\/noticia\/imagens\/logo_rock_story-150x112.jpg\" alt=\"logo_rock_story\" width=\"150\" height=\"112\" srcset=\"https:\/\/migracao.redenoticia.com.br\/noticia\/imagens\/logo_rock_story-150x112.jpg 150w, https:\/\/migracao.redenoticia.com.br\/noticia\/imagens\/logo_rock_story-265x198.jpg 265w\" sizes=\"auto, (max-width: 150px) 100vw, 150px\" \/><strong><em>Resumo novela \u201cRock Story\u201d 05\/06 <\/em><\/strong>: no cap\u00edtulo 178(*) da novela \u201cRock Story\u201d, resumo de segunda-feira, 05 de junho, Gui (Vladimir Brichta) e J\u00falia (Nathalia Dill) est\u00e3o conversando sobre o que a 4.4 fez e comentam que a banda foi um projeto muito especial, at\u00e9 que a core\u00f3grafa surpreende o roqueiro: \u201cO projeto mais especial da minha vida ainda demora um pouco pra ficar pronto&#8230; uns oito meses, por a\u00ed\u201d. Gui fica meio zonzo com as palavras da amada e pergunta: \u201cA gente vai ter um filho?\u201d<\/p>\n<p>Alex (Caio Paduan) estava crente que ia fugir e viver em paz ap\u00f3s entregar J\u00falia (Nathalia Dill) a Salvatore (Simon Petracchi) &#8211; s\u00f3 que n\u00e3o! Ao tentar deixar o casebre em que se escondia, o bandido \u00e9 surpreendido por Ivan (Augusto Zacchi). Desesperado, ele implora para n\u00e3o morrer, mas o capanga est\u00e1 focado em cumprir a ordem do chefe e os dois protagonizam uma persegui\u00e7\u00e3o emocionante.<\/p>\n<p>O show da Vittoria and the Hyde Park reserva muitas emo\u00e7\u00f5es! Ap\u00f3s v\u00e1rias reviravoltas no camarim antes de subir ao palco, L\u00e9o (Rafael Vitti) surpreende o p\u00fablico ao dizer que n\u00e3o era ele quem deveria estar ali, e sim a 4.4. \u201cEssa \u00e9 uma noite de muita emo\u00e7\u00e3o pra mim, por v\u00e1rios motivos&#8230; nem sei se eu devia estar nesse palco hoje&#8230; mas eu prometo um show muito especial&#8230; vambora!\u201d Quando o cantor vai come\u00e7ar a cantar, no entanto, \u00e9 surpreendido pelos integrantes da banda no canto do palco. Num estalo, ele toma a decis\u00e3o: \u201cA\u00ed, gente! A 4.4 junta de novo! \u00c9 uma longa hist\u00f3ria, mas quem vai abrir o show da Vittoria and the Hyde Park hoje s\u00e3o eles&#8230; com voc\u00eas&#8230; banda 4.4!\u201d A Banda 4.4 leva o p\u00fablico ao del\u00edrio.<\/p>\n<p>Yasmin abre seu pr\u00f3prio ateli\u00ea. J\u00falia lan\u00e7a filme inspirado em sua hist\u00f3ria.<\/p>\n<p>(*) edi\u00e7\u00e3o da Rede Globo, Novela \u201cRock Story\u201d, sujeito a altera\u00e7\u00e3o de data e conte\u00fado.<\/p>\n<p>Rock Story \u00e9 uma telenovela brasileira produzida pela Rede Globo, para o hor\u00e1rio das 19 horas, com estreia em 9 de novembro de 2016, substituindo Haja Cora\u00e7\u00e3o. Escrita por Maria Helena Nascimento, com supervis\u00e3o de texto de Ricardo Linhares, \u00e9 escrita com a colabora\u00e7\u00e3o de \u00c2ngela Chaves, Cl\u00e1udio Lisboa, Chico Soares e Daisy Chaves, com dire\u00e7\u00e3o geral de Maria de M\u00e9dicis e dire\u00e7\u00e3o art\u00edstica de Dennis Carvalho. Conta com as participa\u00e7\u00f5es de Vladimir Brichta, Nathalia Dill, Alinne Moraes, Rafael Vitti, Jo\u00e3o de Castro, Viviane Ara\u00fajo, Nicolas Prattes e Caio Paduan. <\/p>\n","protected":false},"excerpt":{"rendered":"<p>Resumo novela \u201cRock Story\u201d 05\/06 : no cap\u00edtulo 178(*) da novela \u201cRock Story\u201d, resumo de segunda-feira, 05 de junho, Gui (Vladimir Brichta) e J\u00falia (Nathalia Dill) est\u00e3o conversando sobre o que a 4.4 fez e comentam que a banda foi um projeto muito especial, at\u00e9 que a core\u00f3grafa surpreende o roqueiro: \u201cO projeto mais especial [&hellip;]<\/p>\n","protected":false},"author":2,"featured_media":97429,"comment_status":"open","ping_status":"closed","sticky":false,"template":"","format":"standard","meta":{"tdm_status":"","tdm_grid_status":"","footnotes":""},"categories":[379,375,343],"tags":[441],"class_list":{"0":"post-114571","1":"post","2":"type-post","3":"status-publish","4":"format-standard","5":"has-post-thumbnail","7":"category-novelas","8":"category-rede-globo","9":"category-televisao","10":"tag-resumo-do-dia"},"_links":{"self":[{"href":"https:\/\/migracao.redenoticia.com.br\/noticia\/wp-json\/wp\/v2\/posts\/114571","targetHints":{"allow":["GET"]}}],"collection":[{"href":"https:\/\/migracao.redenoticia.com.br\/noticia\/wp-json\/wp\/v2\/posts"}],"about":[{"href":"https:\/\/migracao.redenoticia.com.br\/noticia\/wp-json\/wp\/v2\/types\/post"}],"author":[{"embeddable":true,"href":"https:\/\/migracao.redenoticia.com.br\/noticia\/wp-json\/wp\/v2\/users\/2"}],"replies":[{"embeddable":true,"href":"https:\/\/migracao.redenoticia.com.br\/noticia\/wp-json\/wp\/v2\/comments?post=114571"}],"version-history":[{"count":0,"href":"https:\/\/migracao.redenoticia.com.br\/noticia\/wp-json\/wp\/v2\/posts\/114571\/revisions"}],"wp:featuredmedia":[{"embeddable":true,"href":"https:\/\/migracao.redenoticia.com.br\/noticia\/wp-json\/wp\/v2\/media\/97429"}],"wp:attachment":[{"href":"https:\/\/migracao.redenoticia.com.br\/noticia\/wp-json\/wp\/v2\/media?parent=114571"}],"wp:term":[{"taxonomy":"category","embeddable":true,"href":"https:\/\/migracao.redenoticia.com.br\/noticia\/wp-json\/wp\/v2\/categories?post=114571"},{"taxonomy":"post_tag","embeddable":true,"href":"https:\/\/migracao.redenoticia.com.br\/noticia\/wp-json\/wp\/v2\/tags?post=114571"}],"curies":[{"name":"wp","href":"https:\/\/api.w.org\/{rel}","templated":true}]}}