{"id":114603,"date":"2017-06-06T16:42:17","date_gmt":"2017-06-06T19:42:17","guid":{"rendered":"https:\/\/www.redenoticia.com.br\/noticia\/?p=114603"},"modified":"2017-06-07T15:59:02","modified_gmt":"2017-06-07T18:59:02","slug":"novela-ribeirao-do-tempo-resumo-0706-diana-convida-joca-para-jantar","status":"publish","type":"post","link":"https:\/\/migracao.redenoticia.com.br\/noticia\/2017\/novela-ribeirao-do-tempo-resumo-0706-diana-convida-joca-para-jantar\/114603","title":{"rendered":"Novela \u201cRibeir\u00e3o do Tempo\u201d resumo 07\/06: Diana convida Joca para jantar"},"content":{"rendered":"<p> <img loading=\"lazy\" decoding=\"async\" src=\"https:\/\/migracao.redenoticia.com.br\/noticia\/imagens\/ribeirao_do_tempo_novela_record_resumo-150x112.jpg\" alt=\"\" width=\"150\" height=\"112\" class=\"alignleft size-thumbnail wp-image-108265\" srcset=\"https:\/\/migracao.redenoticia.com.br\/noticia\/imagens\/ribeirao_do_tempo_novela_record_resumo-150x112.jpg 150w, https:\/\/migracao.redenoticia.com.br\/noticia\/imagens\/ribeirao_do_tempo_novela_record_resumo-265x198.jpg 265w\" sizes=\"auto, (max-width: 150px) 100vw, 150px\" \/><strong><em>Novela \u201cRibeir\u00e3o do Tempo\u201d resumo 07\/06<\/em><\/strong>: no capitulo 067 (*) da novela \u201cRibeir\u00e3o do Tempo\u201d, quarta-feira, 07 de junho, Joca liga para Filomena e diz que precisa conversar com ela. Arminda vai \u00e0 delegacia com Diana para avisar ao delegado que o juiz lhe deu a guarda da menina. Arminda leva Diana para fazer compras na boutique de Karina e escolhe roupas caretas para a menina. Nicolau fica euf\u00f3rico quando L\u00edlian diz que achou a ficha de Quer\u00eancio entre as fichas de inscri\u00e7\u00e3o dos filiados do partido. Nicolau diz a Flores que o caminho est\u00e1 aberto para convencer Quer\u00eancio a se candidatar. Flores vai at\u00e9 o bar J\u00e1 Era e diz a Quer\u00eancio que quer conversar com ele. Diana gosta de diversos t\u00eanis descolados, mas Arminda lhe compra sapatos antiquados. Arminda compra um computador para Diana. <\/p>\n<p>Flores diz a Quer\u00eancio que a vontade que ele tem de consertar o mundo s\u00f3 pode ser realizada na pol\u00edtica. O professor aconselha o pintor a se candidatar a prefeito da cidade. Iara conta a Tito que o advogado de Newton conseguiu o habbeas corpus. Newton sai da cela e \u00e9 recebido por Tito. Joca fala para Filomena que Arminda \u00e9 uma boa pessoa. Diana liga para Joca, que vai encontr\u00e1-la. Tito vai ao Agito Colonial e encontra Filomena, que fica inst\u00e1vel ao v\u00ea-lo.<\/p>\n<p>Carlos fica alegre ao ver o pai. Newton explica para o filho que a pol\u00edcia continua a acus\u00e1-lo, mas ressalta que ele vai poder responder o processo em liberdade. Tito fala para Filomena que n\u00e3o esperava encontr\u00e1-la no Agito. O aventureiro convida Fil\u00f3 para sentar e beber alguma coisa. Ela hesita, mas aceita. Zuleide afirma a Newton que a pousada n\u00e3o tem mais jeito. Arminda avisa a Elza que n\u00e3o quer que Diana fique com maus h\u00e1bitos na alimenta\u00e7\u00e3o. Diana aparece para jantar com uma combina\u00e7\u00e3o estranha de roupas e Arminda a recrimina. A menina diz \u00e0 executiva que convidou Joca para jantar com elas. <\/p>\n<p>(*) edi\u00e7\u00e3o da Rede Record, Novela \u201cRibeir\u00e3o do Tempo\u201d, sujeito a altera\u00e7\u00e3o de data e conte\u00fado.<\/p>\n","protected":false},"excerpt":{"rendered":"<p>Novela \u201cRibeir\u00e3o do Tempo\u201d resumo 07\/06: no capitulo 067 (*) da novela \u201cRibeir\u00e3o do Tempo\u201d, quarta-feira, 07 de junho, Joca liga para Filomena e diz que precisa conversar com ela. Arminda vai \u00e0 delegacia com Diana para avisar ao delegado que o juiz lhe deu a guarda da menina. Arminda leva Diana para fazer compras [&hellip;]<\/p>\n","protected":false},"author":2,"featured_media":108265,"comment_status":"open","ping_status":"closed","sticky":false,"template":"","format":"standard","meta":{"tdm_status":"","tdm_grid_status":"","footnotes":""},"categories":[379,371,343],"tags":[441],"class_list":{"0":"post-114603","1":"post","2":"type-post","3":"status-publish","4":"format-standard","5":"has-post-thumbnail","7":"category-novelas","8":"category-rede-record","9":"category-televisao","10":"tag-resumo-do-dia"},"_links":{"self":[{"href":"https:\/\/migracao.redenoticia.com.br\/noticia\/wp-json\/wp\/v2\/posts\/114603","targetHints":{"allow":["GET"]}}],"collection":[{"href":"https:\/\/migracao.redenoticia.com.br\/noticia\/wp-json\/wp\/v2\/posts"}],"about":[{"href":"https:\/\/migracao.redenoticia.com.br\/noticia\/wp-json\/wp\/v2\/types\/post"}],"author":[{"embeddable":true,"href":"https:\/\/migracao.redenoticia.com.br\/noticia\/wp-json\/wp\/v2\/users\/2"}],"replies":[{"embeddable":true,"href":"https:\/\/migracao.redenoticia.com.br\/noticia\/wp-json\/wp\/v2\/comments?post=114603"}],"version-history":[{"count":0,"href":"https:\/\/migracao.redenoticia.com.br\/noticia\/wp-json\/wp\/v2\/posts\/114603\/revisions"}],"wp:featuredmedia":[{"embeddable":true,"href":"https:\/\/migracao.redenoticia.com.br\/noticia\/wp-json\/wp\/v2\/media\/108265"}],"wp:attachment":[{"href":"https:\/\/migracao.redenoticia.com.br\/noticia\/wp-json\/wp\/v2\/media?parent=114603"}],"wp:term":[{"taxonomy":"category","embeddable":true,"href":"https:\/\/migracao.redenoticia.com.br\/noticia\/wp-json\/wp\/v2\/categories?post=114603"},{"taxonomy":"post_tag","embeddable":true,"href":"https:\/\/migracao.redenoticia.com.br\/noticia\/wp-json\/wp\/v2\/tags?post=114603"}],"curies":[{"name":"wp","href":"https:\/\/api.w.org\/{rel}","templated":true}]}}