{"id":114612,"date":"2017-06-06T16:44:53","date_gmt":"2017-06-06T19:44:53","guid":{"rendered":"https:\/\/www.redenoticia.com.br\/noticia\/?p=114612"},"modified":"2017-06-05T16:14:54","modified_gmt":"2017-06-05T19:14:54","slug":"novela-a-escrava-isaura-resumo-0706-gabriel-escreve-uma-carta-a-aurora","status":"publish","type":"post","link":"https:\/\/migracao.redenoticia.com.br\/noticia\/2017\/novela-a-escrava-isaura-resumo-0706-gabriel-escreve-uma-carta-a-aurora\/114612","title":{"rendered":"Novela \u201cA Escrava Isaura\u201d resumo 07\/06: Gabriel escreve uma carta a Aurora"},"content":{"rendered":"<p> <img loading=\"lazy\" decoding=\"async\" class=\"alignleft size-thumbnail wp-image-103446\" src=\"https:\/\/migracao.redenoticia.com.br\/noticia\/imagens\/a_escrava_isaura_record_novela_resumo-150x112.jpg\" alt=\"\" width=\"150\" height=\"112\" srcset=\"https:\/\/migracao.redenoticia.com.br\/noticia\/imagens\/a_escrava_isaura_record_novela_resumo-150x112.jpg 150w, https:\/\/migracao.redenoticia.com.br\/noticia\/imagens\/a_escrava_isaura_record_novela_resumo-265x198.jpg 265w\" sizes=\"auto, (max-width: 150px) 100vw, 150px\" \/><strong><em>Novela \u201cA Escrava Isaura\u201d resumo 07\/06<\/em><\/strong>: no capitulo 108 (*) da novela \u201cA Escrava Isaura\u201d, quarta-feira, 07 de junho, Geraldo quer vingar-se de Le\u00f4ncio. Le\u00f4ncio sonha com Isaura. Gabriel escreve uma carta a Aurora. Helena e Diogo chegam a casa do Coronel e contam tudo sobre a morte do Dr. Paulo. Diogo despede-se, mas pede a Helena que diga que ele \u00e9 o respons\u00e1vel pelo assassinato do Dr. Paulo. O Sargento diz a Geraldo que n\u00e3o encontrou o corpo de \u00c1lvaro. Isaura n\u00e3o quer fugir enquanto n\u00e3o encontrar \u00c1lvaro. Branca chega a Campos e fica a saber da morte de \u00c1lvaro. A morte do Dr. Paulo chega aos ouvidos do Sargento. Cel. Sebasti\u00e3o e Helena s\u00e3o interrogados pelo assassinato. Le\u00f4ncio descobre que Isaura est\u00e1 na pens\u00e3o.<\/p>\n<p>(*) edi\u00e7\u00e3o da Rede Record, Novela \u201cA Escrava Isaura\u201d, sujeito a altera\u00e7\u00e3o de data e conte\u00fado.<\/p>\n<p>A Escrava Isaura \u00e9 uma telenovela brasileira produzida pela Rede Record de Televis\u00e3o e exibida entre 18 de outubro de 2004 e 29 de abril de 2005, totalizando 167 cap\u00edtulos, 27 a mais que o originalmente previsto. Escrita por Tiago Santiago, Anamaria Nunes com colabora\u00e7\u00e3o de Altenir Silva e dirigida por Herval Rossano, F\u00e1bio Junqueira, Em\u00edlio Di Biasi e Fl\u00e1vio Colatrello Jr., \u00e9 inspirada no romance hom\u00f4nimo de 1875, escrito por Bernardo Guimar\u00e3es. A obra foi um sucesso logo ap\u00f3s ser publicada, em parte pelo apelo feminino em raz\u00e3o do sentimentalismo do enredo. O livro toca em pontos abolicionistas, que eram controversos na \u00e9poca e \u00e9 considerado um marco na literatura abolicionista brasileira.<\/p>\n","protected":false},"excerpt":{"rendered":"<p>Novela \u201cA Escrava Isaura\u201d resumo 07\/06: no capitulo 108 (*) da novela \u201cA Escrava Isaura\u201d, quarta-feira, 07 de junho, Geraldo quer vingar-se de Le\u00f4ncio. Le\u00f4ncio sonha com Isaura. Gabriel escreve uma carta a Aurora. Helena e Diogo chegam a casa do Coronel e contam tudo sobre a morte do Dr. Paulo. Diogo despede-se, mas pede [&hellip;]<\/p>\n","protected":false},"author":2,"featured_media":103446,"comment_status":"open","ping_status":"closed","sticky":false,"template":"","format":"standard","meta":{"tdm_status":"","tdm_grid_status":"","footnotes":""},"categories":[379,371,343],"tags":[441],"class_list":{"0":"post-114612","1":"post","2":"type-post","3":"status-publish","4":"format-standard","5":"has-post-thumbnail","7":"category-novelas","8":"category-rede-record","9":"category-televisao","10":"tag-resumo-do-dia"},"_links":{"self":[{"href":"https:\/\/migracao.redenoticia.com.br\/noticia\/wp-json\/wp\/v2\/posts\/114612","targetHints":{"allow":["GET"]}}],"collection":[{"href":"https:\/\/migracao.redenoticia.com.br\/noticia\/wp-json\/wp\/v2\/posts"}],"about":[{"href":"https:\/\/migracao.redenoticia.com.br\/noticia\/wp-json\/wp\/v2\/types\/post"}],"author":[{"embeddable":true,"href":"https:\/\/migracao.redenoticia.com.br\/noticia\/wp-json\/wp\/v2\/users\/2"}],"replies":[{"embeddable":true,"href":"https:\/\/migracao.redenoticia.com.br\/noticia\/wp-json\/wp\/v2\/comments?post=114612"}],"version-history":[{"count":0,"href":"https:\/\/migracao.redenoticia.com.br\/noticia\/wp-json\/wp\/v2\/posts\/114612\/revisions"}],"wp:featuredmedia":[{"embeddable":true,"href":"https:\/\/migracao.redenoticia.com.br\/noticia\/wp-json\/wp\/v2\/media\/103446"}],"wp:attachment":[{"href":"https:\/\/migracao.redenoticia.com.br\/noticia\/wp-json\/wp\/v2\/media?parent=114612"}],"wp:term":[{"taxonomy":"category","embeddable":true,"href":"https:\/\/migracao.redenoticia.com.br\/noticia\/wp-json\/wp\/v2\/categories?post=114612"},{"taxonomy":"post_tag","embeddable":true,"href":"https:\/\/migracao.redenoticia.com.br\/noticia\/wp-json\/wp\/v2\/tags?post=114612"}],"curies":[{"name":"wp","href":"https:\/\/api.w.org\/{rel}","templated":true}]}}