{"id":114614,"date":"2017-06-05T16:34:14","date_gmt":"2017-06-05T19:34:14","guid":{"rendered":"https:\/\/www.redenoticia.com.br\/noticia\/?p=114614"},"modified":"2017-06-05T16:15:01","modified_gmt":"2017-06-05T19:15:01","slug":"resumo-novela-chiquititas-0606-duda-quer-passar-a-noite-no-orfanato","status":"publish","type":"post","link":"https:\/\/migracao.redenoticia.com.br\/noticia\/2017\/resumo-novela-chiquititas-0606-duda-quer-passar-a-noite-no-orfanato\/114614","title":{"rendered":"Resumo novela \u201cChiquititas\u201d 06\/06: Duda quer passar a noite no orfanato"},"content":{"rendered":"<p><img loading=\"lazy\" decoding=\"async\" class=\"alignleft size-thumbnail wp-image-49690\" src=\"https:\/\/migracao.redenoticia.com.br\/noticia\/imagens\/chiquititas1-150x112.jpg\" alt=\"chiquititas\" width=\"150\" height=\"112\" \/><strong><em>Resumo novela \u201cChiquititas\u201d 06\/06<\/em><\/strong>: no cap\u00edtulo 191(*) da novela \u201cChiquititas\u201d, resumo de ter\u00e7a-feira, 06 de junho, os meninos levam Thiago at\u00e9 o hotel em que ir\u00e1 se hospedar o jogador de futebol Alexander, que o menino acredita ser seu pai. Come\u00e7am as audi\u00e7\u00f5es pra escolha da nova backing vocal de Tom\u00e1s Ferraz. As audi\u00e7\u00f5es s\u00e3o feitas por Arnaldo Saccomani e Miranda. Ao chegar no hotel, Thiago se depara com outros meninos que tamb\u00e9m dizem ser filho de Alexander, segundo a m\u00e3e deles. Duda conversa com Matias atrav\u00e9s da internet. Matias diz que ainda gosta de Vivi, mas que devido a dist\u00e2ncia (ele est\u00e1 morando nos Estados Unidos) acredita que o namoro n\u00e3o ir\u00e1 pra frente. Duda aconselha o garoto a explicar isso para Vivi. Carmen diz que se Duda continuar a mexer em suas coisas, como no notebook e no pendrive, ir\u00e1 expuls\u00e1-lo da mans\u00e3o e coloc\u00e1-lo no orfanato Raio de Luz. \u201cAfinal de contas, sua m\u00e3e praticamente o abandonou aqui\u201d, conclui a vil\u00e3. Vivi est\u00e1 triste ao notar que cada vez mais Matias est\u00e1 lhe evitando. Clarita e \u00c9rica s\u00e3o as escolhidas para serem backing de Tom\u00e1s Ferraz, que na verdade \u00e9 Tobias. Duda diz para Mili que quer passar a noite no orfanato, pois n\u00e3o aguenta mais conviver com Carmen. Matilde pede 5 mil reais pelo quadro e Carmen diz que pagar\u00e1 a quantia. Matias conversa com Vivi pelo computador e diz: \u201cEu n\u00e3o vou voltar daqui a seis meses e n\u00e3o acho certo te prender \u201c.<\/p>\n<p>(*) edi\u00e7\u00e3o do SBT, Novela \u201cChiquititas\u201d, sujeito a altera\u00e7\u00e3o de data e conte\u00fado.<\/p>\n<p>Chiquititas gira em torno do orfanato Raio de Luz, que carrega em sua hist\u00f3ria um grande segredo envolvendo a fam\u00edlia e o dono do orfanato, Dr. Jos\u00e9 Ricardo Almeida Campos. Em um per\u00edodo anterior \u00e0 novela, exatos treze anos, sua filha Gabriela se apaixonou e ficou gr\u00e1vida de Miguel, filho de Valentina, empregada da casa dos Almeida Campos. Pouco depois, Jos\u00e9 Ricardo sequestrou sua neta, pois, como um homem conservador, ele n\u00e3o aceitava a ideia de que sua filha se envolvesse com um empregado. Como sua neta, Milena, apelidada como Mili, precisava de um lugar para morar, ele comprou um casar\u00e3o e fundou um orfanato, o Raio de Luz. Mili cresceu l\u00e1 com outras garotas que chegaram posteriormente: Bia, Ana, as irm\u00e3s Tati e Vivi, e Cris. Ao decorrer dos anos, elas se tornam uma fam\u00edlia. Elas s\u00e3o supervisionadas por Ernestina, zeladora do orfanato, e Chico, o cozinheiro amado pelas internas. Sofia, ex-governanta da fam\u00edlia Almeida Campos, \u00e9 a diretora do lugar, at\u00e9 que Carmem, irm\u00e3 de Jos\u00e9 Ricardo, entre em seu lugar. Chegam ainda mais \u00f3rf\u00e3os: Pata, Mosca, Binho e Rafa, que viviam nas ruas antes de entrarem na institui\u00e7\u00e3o. Pata e Mili tornam-se amigas rapidamente, enquanto Mosca, Binho e Rafa s\u00e3o os primeiros garotos a entrar no abrigo. As crian\u00e7as sem-teto foram ajudadas por uma doce e bela garota que tocam e mudam a vida delas, assim como as das garotas \u00f3rf\u00e3s.<\/p>\n","protected":false},"excerpt":{"rendered":"<p>Resumo novela \u201cChiquititas\u201d 06\/06: no cap\u00edtulo 191(*) da novela \u201cChiquititas\u201d, resumo de ter\u00e7a-feira, 06 de junho, os meninos levam Thiago at\u00e9 o hotel em que ir\u00e1 se hospedar o jogador de futebol Alexander, que o menino acredita ser seu pai. Come\u00e7am as audi\u00e7\u00f5es pra escolha da nova backing vocal de Tom\u00e1s Ferraz. As audi\u00e7\u00f5es s\u00e3o [&hellip;]<\/p>\n","protected":false},"author":4,"featured_media":49690,"comment_status":"open","ping_status":"closed","sticky":false,"template":"","format":"standard","meta":{"tdm_status":"","tdm_grid_status":"","footnotes":""},"categories":[409,379,372,343],"tags":[441],"class_list":{"0":"post-114614","1":"post","2":"type-post","3":"status-publish","4":"format-standard","5":"has-post-thumbnail","7":"category-chiquititas","8":"category-novelas","9":"category-sbt","10":"category-televisao","11":"tag-resumo-do-dia"},"_links":{"self":[{"href":"https:\/\/migracao.redenoticia.com.br\/noticia\/wp-json\/wp\/v2\/posts\/114614","targetHints":{"allow":["GET"]}}],"collection":[{"href":"https:\/\/migracao.redenoticia.com.br\/noticia\/wp-json\/wp\/v2\/posts"}],"about":[{"href":"https:\/\/migracao.redenoticia.com.br\/noticia\/wp-json\/wp\/v2\/types\/post"}],"author":[{"embeddable":true,"href":"https:\/\/migracao.redenoticia.com.br\/noticia\/wp-json\/wp\/v2\/users\/4"}],"replies":[{"embeddable":true,"href":"https:\/\/migracao.redenoticia.com.br\/noticia\/wp-json\/wp\/v2\/comments?post=114614"}],"version-history":[{"count":0,"href":"https:\/\/migracao.redenoticia.com.br\/noticia\/wp-json\/wp\/v2\/posts\/114614\/revisions"}],"wp:featuredmedia":[{"embeddable":true,"href":"https:\/\/migracao.redenoticia.com.br\/noticia\/wp-json\/wp\/v2\/media\/49690"}],"wp:attachment":[{"href":"https:\/\/migracao.redenoticia.com.br\/noticia\/wp-json\/wp\/v2\/media?parent=114614"}],"wp:term":[{"taxonomy":"category","embeddable":true,"href":"https:\/\/migracao.redenoticia.com.br\/noticia\/wp-json\/wp\/v2\/categories?post=114614"},{"taxonomy":"post_tag","embeddable":true,"href":"https:\/\/migracao.redenoticia.com.br\/noticia\/wp-json\/wp\/v2\/tags?post=114614"}],"curies":[{"name":"wp","href":"https:\/\/api.w.org\/{rel}","templated":true}]}}