{"id":114624,"date":"2017-06-05T16:37:02","date_gmt":"2017-06-05T19:37:02","guid":{"rendered":"https:\/\/www.redenoticia.com.br\/noticia\/?p=114624"},"modified":"2017-06-05T16:41:42","modified_gmt":"2017-06-05T19:41:42","slug":"resumo-novela-novo-mundo-0606-joaquim-descobre-que-domitila-e-a-amante-de-dom-pedro","status":"publish","type":"post","link":"https:\/\/migracao.redenoticia.com.br\/noticia\/2017\/resumo-novela-novo-mundo-0606-joaquim-descobre-que-domitila-e-a-amante-de-dom-pedro\/114624","title":{"rendered":"Resumo novela \u201cNovo Mundo\u201d 06\/06: Joaquim descobre que Domitila \u00e9 a amante de Pedro"},"content":{"rendered":"<p><img loading=\"lazy\" decoding=\"async\" class=\"alignleft size-thumbnail wp-image-107950\" src=\"https:\/\/migracao.redenoticia.com.br\/noticia\/imagens\/novo_mundo_novela_resumo_globo-150x112.jpg\" alt=\"\" width=\"150\" height=\"112\" srcset=\"https:\/\/migracao.redenoticia.com.br\/noticia\/imagens\/novo_mundo_novela_resumo_globo-150x112.jpg 150w, https:\/\/migracao.redenoticia.com.br\/noticia\/imagens\/novo_mundo_novela_resumo_globo-265x198.jpg 265w\" sizes=\"auto, (max-width: 150px) 100vw, 150px\" \/><strong><em>Resumo novela \u201cNovo Mundo\u201d 06\/06<\/em><\/strong>: no cap\u00edtulo 066(*) da novela \u201cNovo Mundo\u201d, resumo de ter\u00e7a-feira, 06 de junho, Cec\u00edlia v\u00ea Sebasti\u00e3o amea\u00e7ar Lib\u00e9rio. Jacira se preocupa ao ver Jurema doente. Licurgo expulsa Germana da taberna e ela decide morar na casa de Elvira. Thomas exige que Domitila se afaste de Dom Pedro. Anna revela a Leopoldina o que descobriu sobre o marido. Ferdinando \u00e9 flagrado invadindo a aldeia. Am\u00e1lia tem uma lembran\u00e7a e pede ajuda a Peter. Madre Assun\u00e7\u00e3o recebe uma carta de Dom Jo\u00e3o, exigindo o embarque de Am\u00e1lia para Portugal. Elvira encontra um documento contra Thomas no quarto de Joaquim. Thomas decide contar a Anna sobre sua liga\u00e7\u00e3o com o pai dela. Joaquim descobre que Domitila \u00e9 a amante de Dom Pedro.<\/p>\n<p>(*) edi\u00e7\u00e3o da Rede Globo, Novela \u201cNovo Mundo\u201d, sujeito a altera\u00e7\u00e3o de data e conte\u00fado.<\/p>\n<p>Novo Mundo \u00e9 uma telenovela brasileira produzida pela Rede Globo. Escrita por Thereza Falc\u00e3o e Alessandro Marson, conta com dire\u00e7\u00e3o art\u00edstica de Vin\u00edcius Coimbra. Conta com as participa\u00e7\u00f5es de Isabelle Drummond, Chay Suede, Caio Castro, Let\u00edcia Colin, Leo Jaime, D\u00e9bora Olivieri, Rodrigo Simas, Giullia Buscacio, Vivianne Pasmanter, Guilherme Piva, R\u00f4mulo Estrela, Agatha Moreira, Luisa Micheletti, Gabriel Braga Nunes, e Ingrid Guimar\u00e3es.<\/p>\n","protected":false},"excerpt":{"rendered":"<p>Resumo novela \u201cNovo Mundo\u201d 06\/06: no cap\u00edtulo 066(*) da novela \u201cNovo Mundo\u201d, resumo de ter\u00e7a-feira, 06 de junho, Cec\u00edlia v\u00ea Sebasti\u00e3o amea\u00e7ar Lib\u00e9rio. Jacira se preocupa ao ver Jurema doente. Licurgo expulsa Germana da taberna e ela decide morar na casa de Elvira. Thomas exige que Domitila se afaste de Dom Pedro. Anna revela a [&hellip;]<\/p>\n","protected":false},"author":4,"featured_media":107950,"comment_status":"open","ping_status":"closed","sticky":false,"template":"","format":"standard","meta":{"tdm_status":"","tdm_grid_status":"","footnotes":""},"categories":[379,375,343],"tags":[441],"class_list":{"0":"post-114624","1":"post","2":"type-post","3":"status-publish","4":"format-standard","5":"has-post-thumbnail","7":"category-novelas","8":"category-rede-globo","9":"category-televisao","10":"tag-resumo-do-dia"},"_links":{"self":[{"href":"https:\/\/migracao.redenoticia.com.br\/noticia\/wp-json\/wp\/v2\/posts\/114624","targetHints":{"allow":["GET"]}}],"collection":[{"href":"https:\/\/migracao.redenoticia.com.br\/noticia\/wp-json\/wp\/v2\/posts"}],"about":[{"href":"https:\/\/migracao.redenoticia.com.br\/noticia\/wp-json\/wp\/v2\/types\/post"}],"author":[{"embeddable":true,"href":"https:\/\/migracao.redenoticia.com.br\/noticia\/wp-json\/wp\/v2\/users\/4"}],"replies":[{"embeddable":true,"href":"https:\/\/migracao.redenoticia.com.br\/noticia\/wp-json\/wp\/v2\/comments?post=114624"}],"version-history":[{"count":0,"href":"https:\/\/migracao.redenoticia.com.br\/noticia\/wp-json\/wp\/v2\/posts\/114624\/revisions"}],"wp:featuredmedia":[{"embeddable":true,"href":"https:\/\/migracao.redenoticia.com.br\/noticia\/wp-json\/wp\/v2\/media\/107950"}],"wp:attachment":[{"href":"https:\/\/migracao.redenoticia.com.br\/noticia\/wp-json\/wp\/v2\/media?parent=114624"}],"wp:term":[{"taxonomy":"category","embeddable":true,"href":"https:\/\/migracao.redenoticia.com.br\/noticia\/wp-json\/wp\/v2\/categories?post=114624"},{"taxonomy":"post_tag","embeddable":true,"href":"https:\/\/migracao.redenoticia.com.br\/noticia\/wp-json\/wp\/v2\/tags?post=114624"}],"curies":[{"name":"wp","href":"https:\/\/api.w.org\/{rel}","templated":true}]}}