{"id":114650,"date":"2017-06-07T00:04:26","date_gmt":"2017-06-07T03:04:26","guid":{"rendered":"https:\/\/www.redenoticia.com.br\/noticia\/?p=114650"},"modified":"2017-06-06T16:23:46","modified_gmt":"2017-06-06T19:23:46","slug":"cursos-de-graduacao-tecnologica-registram-maior-alta-da-educacao-superior","status":"publish","type":"post","link":"https:\/\/migracao.redenoticia.com.br\/noticia\/2017\/cursos-de-graduacao-tecnologica-registram-maior-alta-da-educacao-superior\/114650","title":{"rendered":"Cursos de gradua\u00e7\u00e3o tecnol\u00f3gica registram maior alta da Educa\u00e7\u00e3o Superior"},"content":{"rendered":"<p> O n\u00famero de estudantes que concluem o <strong><em>ensino tecnol\u00f3gico<\/em><\/strong> cresceu cinco vezes nos \u00faltimos dez anos. E a tend\u00eancia \u00e9 esse n\u00famero subir.\u00a0J\u00e1 s\u00e3o mais de 1 milh\u00e3o de alunos nas 6 mil gradua\u00e7\u00f5es do tipo no\u00a0Pa\u00eds, segundo o Censo do Ensino Superior 2015. O\u00a0Censo elaborado pelo Instituto de Pesquisas Educacionais An\u00edsio Teixeira (Inep), ligado ao Minist\u00e9rio da Educa\u00e7\u00e3o, indica que 13% dos estudantes brasileiros optam pela modalidade. Uma das vantagens da gradua\u00e7\u00e3o tecnol\u00f3gica \u00e9 a empregabilidade.<\/p>\n<p>\u201cOs cursos superiores de tecnologia permitem o ingresso mais r\u00e1pido no mundo do trabalho\u201d, comenta o coordenador de Ensino Superior de Gradua\u00e7\u00e3o do Centro Paula Souza, Andr\u00e9 Mac\u00eado.<\/p>\n<p>Entre os\u00a0formados pelas Fatecs, 92% conseguem emprego at\u00e9\u00a0um ano ap\u00f3s a conclus\u00e3o do curso. Estudo da\u00a0Funda\u00e7\u00e3o Get\u00falio Vargas (FGV) confirma o poder de empregabilidade da modalidade. No Brasil, mais de 90% dos tecn\u00f3logos est\u00e3o empregados, segundo pesquisa de qualifica\u00e7\u00e3o profissional desenvolvida pela FGV em 2016.<\/p>\n<p>A explica\u00e7\u00e3o para o sucesso dos tecn\u00f3logos no mercado de trabalho \u00e9 simples: os cursos s\u00e3o organizados para atender as demandas do setor produtivo.<\/p>\n<p>Al\u00e9m do empregador, os alunos que t\u00eam mais clareza da \u00e1rea em que desejam atuar ficam satisfeitos. Os cursos t\u00eam dura\u00e7\u00e3o mais curta em compara\u00e7\u00e3o ao bacharelado ou \u00e0 licenciatura. J\u00e1 as\u00a0aulas s\u00e3o pr\u00e1ticas e aprofundadas, sobre um tema espec\u00edfico. Ou seja: o aluno conquista a qualifica\u00e7\u00e3o \u2013 e o emprego \u2013 mais rapidamente.<\/p>\n<p>\u201cAs Fatecs possuem o grande diferencial na qualidade e excel\u00eancia desse tipo de ensino. Esse diferencial \u00e9 reconhecido pelas ind\u00fastrias, empresas e demais setores da economia, o que agiliza a absor\u00e7\u00e3o de nossos egressos no mercado de trabalho\u201d, completa Mac\u00eado.<\/p>\n<p>Segundo Mac\u00eado,\u00a0em S\u00e3o Paulo h\u00e1 uma acentuada procura por cursos em An\u00e1lise e Desenvolvimento de Sistemas, Log\u00edstica e Gest\u00e3o. Ele\u00a0citou ainda a procura por Constru\u00e7\u00e3o Civil, Mec\u00e2nica e Eletr\u00f4nica, mas\u00a0refor\u00e7ou que a demanda depende de caracter\u00edsticas socioecon\u00f4micas de cada regi\u00e3o.<\/p>\n<p>Atualmente s\u00e3o 66 Fatecs em 60 munic\u00edpios de S\u00e3o Paulo, todas com inscri\u00e7\u00f5es para o vestibular abertas at\u00e9 12 de junho. Para outras\u00a0informa\u00e7\u00f5es sobre as mais\u00a015 mil vagas dispon\u00edveis em 73 cursos gratuitos, acesse .<\/p>\n<p>Do Portal do Governo SP<\/p>\n","protected":false},"excerpt":{"rendered":"<p>O n\u00famero de estudantes que concluem o ensino tecnol\u00f3gico cresceu cinco vezes nos \u00faltimos dez anos. E a tend\u00eancia \u00e9 esse n\u00famero subir.\u00a0J\u00e1 s\u00e3o mais de 1 milh\u00e3o de alunos nas 6 mil gradua\u00e7\u00f5es do tipo no\u00a0Pa\u00eds, segundo o Censo do Ensino Superior 2015. O\u00a0Censo elaborado pelo Instituto de Pesquisas Educacionais An\u00edsio Teixeira (Inep), ligado [&hellip;]<\/p>\n","protected":false},"author":2,"featured_media":34770,"comment_status":"open","ping_status":"closed","sticky":false,"template":"","format":"standard","meta":{"tdm_status":"","tdm_grid_status":"","footnotes":""},"categories":[22,370,295],"tags":[],"class_list":{"0":"post-114650","1":"post","2":"type-post","3":"status-publish","4":"format-standard","5":"has-post-thumbnail","7":"category-brasil","8":"category-inscricao","9":"category-vestibular"},"_links":{"self":[{"href":"https:\/\/migracao.redenoticia.com.br\/noticia\/wp-json\/wp\/v2\/posts\/114650","targetHints":{"allow":["GET"]}}],"collection":[{"href":"https:\/\/migracao.redenoticia.com.br\/noticia\/wp-json\/wp\/v2\/posts"}],"about":[{"href":"https:\/\/migracao.redenoticia.com.br\/noticia\/wp-json\/wp\/v2\/types\/post"}],"author":[{"embeddable":true,"href":"https:\/\/migracao.redenoticia.com.br\/noticia\/wp-json\/wp\/v2\/users\/2"}],"replies":[{"embeddable":true,"href":"https:\/\/migracao.redenoticia.com.br\/noticia\/wp-json\/wp\/v2\/comments?post=114650"}],"version-history":[{"count":0,"href":"https:\/\/migracao.redenoticia.com.br\/noticia\/wp-json\/wp\/v2\/posts\/114650\/revisions"}],"wp:featuredmedia":[{"embeddable":true,"href":"https:\/\/migracao.redenoticia.com.br\/noticia\/wp-json\/wp\/v2\/media\/34770"}],"wp:attachment":[{"href":"https:\/\/migracao.redenoticia.com.br\/noticia\/wp-json\/wp\/v2\/media?parent=114650"}],"wp:term":[{"taxonomy":"category","embeddable":true,"href":"https:\/\/migracao.redenoticia.com.br\/noticia\/wp-json\/wp\/v2\/categories?post=114650"},{"taxonomy":"post_tag","embeddable":true,"href":"https:\/\/migracao.redenoticia.com.br\/noticia\/wp-json\/wp\/v2\/tags?post=114650"}],"curies":[{"name":"wp","href":"https:\/\/api.w.org\/{rel}","templated":true}]}}