{"id":114678,"date":"2017-06-06T16:33:39","date_gmt":"2017-06-06T19:33:39","guid":{"rendered":"https:\/\/www.redenoticia.com.br\/noticia\/?p=114678"},"modified":"2017-06-07T02:23:54","modified_gmt":"2017-06-07T05:23:54","slug":"resumo-novela-o-que-a-vida-me-roubou-0706-pedro-leva-vitoria","status":"publish","type":"post","link":"https:\/\/migracao.redenoticia.com.br\/noticia\/2017\/resumo-novela-o-que-a-vida-me-roubou-0706-pedro-leva-vitoria\/114678","title":{"rendered":"Resumo novela \u201cO Que A Vida Me Roubou\u201d 07\/06: Am\u00e9lia descobre que Vit\u00f3ria est\u00e1 viva"},"content":{"rendered":"<p><img loading=\"lazy\" decoding=\"async\" src=\"https:\/\/migracao.redenoticia.com.br\/noticia\/imagens\/o-que-a-vida-me-roubou-novela-resumo-sbt-150x112.jpg\" alt=\"\" width=\"150\" height=\"112\" class=\"alignleft size-thumbnail wp-image-105656\" srcset=\"https:\/\/migracao.redenoticia.com.br\/noticia\/imagens\/o-que-a-vida-me-roubou-novela-resumo-sbt-150x112.jpg 150w, https:\/\/migracao.redenoticia.com.br\/noticia\/imagens\/o-que-a-vida-me-roubou-novela-resumo-sbt-265x198.jpg 265w\" sizes=\"auto, (max-width: 150px) 100vw, 150px\" \/><strong><em>Resumo novela \u201cO Que A Vida Me Roubou\u201d 07\/06<\/em><\/strong>: no cap\u00edtulo 093(*) da novela \u201cO Que A Vida Me Roubou\u201d, resumo de quarta-feira, 07 de junho, agora que Alessandro recuperou os sentidos, quer saber o que \u00e9 feito do filho, pois a \u00faltima recorda\u00e7\u00e3o que tem \u00e9 Graziela a acus\u00e1-lo que Montserrat estava a morrer por sua culpa. A decis\u00e3o de Montserrat de formar uma fam\u00edlia com Jos\u00e9 Lu\u00eds surpreende Laurinho, mas ele fica satisfeito com a ideia de ter um pai. N\u00e1dia visita Alessandro no hospital e encontra-o muito angustiado por saber que o filho ficou sem o amor de pai. <\/p>\n<p>Demetrio apresenta M\u00f4nica a Carlota e a Graciela. Alessandro acredita que foi Pedro Medina que disparou contra Montserrat e espera que Jos\u00e9 Lu\u00eds tenha feito justi\u00e7a, mas espera encontrar o amor da sua vida e o seu filho vivos. N\u00e1dia levanta-se durante a noite para beber \u00e1gua e nem imagina que Pedro a encontrou e est\u00e1 na sua casa. Pedro leva Vit\u00f3ria e N\u00e1dia reconhece-a pelo toque. Jos\u00e9 Lu\u00eds prop\u00f5e a Montserrat ir \u00e0 igreja para escolher a data do casamento e ela fica surpreendida. Demetrio n\u00e3o pode evitar a surpresa que sente ao ver Josefina novamente, que regressou a \u00c1gua Azul sete anos depois. <\/p>\n<p>Jos\u00e9 Lu\u00eds visita Ezequiel e diz-lhe que quer ser chefe de pol\u00edcia, para que continue a investigar Pedro Medina, que se tornou governador. N\u00e1dia est\u00e1 desesperada para ter not\u00edcias de Vit\u00f3ria e arrisca-se a telefonar a Josefina, mas \u00e9 Graziela que atende. Renato faz um esfor\u00e7o para o seu casamento funcione, mas Esmeralda enfrenta-o e pergunta-lhe se est\u00e1 envolvido com outra mulher. Entretanto, Pedro diz a Am\u00e9lia que Vit\u00f3ria est\u00e1 viva.<\/p>\n<p>(*) edi\u00e7\u00e3o do SBT, Novela \u201cO Que A Vida Me Roubou\u201d, sujeito a altera\u00e7\u00e3o de data e conte\u00fado.<\/p>\n<p>Lo que la vida me rob\u00f3 (no Brasil, O Que a Vida Me Roubou) \u00e9 uma telenovela mexicana produzida por Angelli Nesma Medina para Televisa e exibida pelo Canal de las Estrellas entre 28 de outubro de 2013 e 27 de julho de 2014 em 196 cap\u00edtulos, substituindo La tempestad e sendo substitu\u00edda por Hasta el fin del mundo. A original \u00e9 de Caridad Bravo Adams, sendo esta um remake modernizado das novelas Bodas de odio e Amor real, produzidas em 1983 e 2003, respectivamente. Tem Angelique Boyer, Sebasti\u00e1n Rulli, Luis Roberto Guzm\u00e1n, Daniela Castro, Grettell Vald\u00e9z, Sergio Sendel e Lisset nos papeis principais.<\/p>\n","protected":false},"excerpt":{"rendered":"<p>Resumo novela \u201cO Que A Vida Me Roubou\u201d 07\/06: no cap\u00edtulo 093(*) da novela \u201cO Que A Vida Me Roubou\u201d, resumo de quarta-feira, 07 de junho, agora que Alessandro recuperou os sentidos, quer saber o que \u00e9 feito do filho, pois a \u00faltima recorda\u00e7\u00e3o que tem \u00e9 Graziela a acus\u00e1-lo que Montserrat estava a morrer [&hellip;]<\/p>\n","protected":false},"author":4,"featured_media":105656,"comment_status":"open","ping_status":"closed","sticky":false,"template":"","format":"standard","meta":{"tdm_status":"","tdm_grid_status":"","footnotes":""},"categories":[379,372,343],"tags":[441],"class_list":{"0":"post-114678","1":"post","2":"type-post","3":"status-publish","4":"format-standard","5":"has-post-thumbnail","7":"category-novelas","8":"category-sbt","9":"category-televisao","10":"tag-resumo-do-dia"},"_links":{"self":[{"href":"https:\/\/migracao.redenoticia.com.br\/noticia\/wp-json\/wp\/v2\/posts\/114678","targetHints":{"allow":["GET"]}}],"collection":[{"href":"https:\/\/migracao.redenoticia.com.br\/noticia\/wp-json\/wp\/v2\/posts"}],"about":[{"href":"https:\/\/migracao.redenoticia.com.br\/noticia\/wp-json\/wp\/v2\/types\/post"}],"author":[{"embeddable":true,"href":"https:\/\/migracao.redenoticia.com.br\/noticia\/wp-json\/wp\/v2\/users\/4"}],"replies":[{"embeddable":true,"href":"https:\/\/migracao.redenoticia.com.br\/noticia\/wp-json\/wp\/v2\/comments?post=114678"}],"version-history":[{"count":0,"href":"https:\/\/migracao.redenoticia.com.br\/noticia\/wp-json\/wp\/v2\/posts\/114678\/revisions"}],"wp:featuredmedia":[{"embeddable":true,"href":"https:\/\/migracao.redenoticia.com.br\/noticia\/wp-json\/wp\/v2\/media\/105656"}],"wp:attachment":[{"href":"https:\/\/migracao.redenoticia.com.br\/noticia\/wp-json\/wp\/v2\/media?parent=114678"}],"wp:term":[{"taxonomy":"category","embeddable":true,"href":"https:\/\/migracao.redenoticia.com.br\/noticia\/wp-json\/wp\/v2\/categories?post=114678"},{"taxonomy":"post_tag","embeddable":true,"href":"https:\/\/migracao.redenoticia.com.br\/noticia\/wp-json\/wp\/v2\/tags?post=114678"}],"curies":[{"name":"wp","href":"https:\/\/api.w.org\/{rel}","templated":true}]}}