{"id":114696,"date":"2017-06-06T16:40:14","date_gmt":"2017-06-06T19:40:14","guid":{"rendered":"https:\/\/www.redenoticia.com.br\/noticia\/?p=114696"},"modified":"2017-06-06T16:40:14","modified_gmt":"2017-06-06T19:40:14","slug":"resumo-novela-novo-mundo-0706-joaquim-revela-que-domitila-e-thomas-sao-cumplices","status":"publish","type":"post","link":"https:\/\/migracao.redenoticia.com.br\/noticia\/2017\/resumo-novela-novo-mundo-0706-joaquim-revela-que-domitila-e-thomas-sao-cumplices\/114696","title":{"rendered":"Resumo novela \u201cNovo Mundo\u201d 07\/06: Joaquim revela que Domitila e Thomas s\u00e3o c\u00famplices"},"content":{"rendered":"<p><img loading=\"lazy\" decoding=\"async\" class=\"alignleft size-thumbnail wp-image-107950\" src=\"https:\/\/migracao.redenoticia.com.br\/noticia\/imagens\/novo_mundo_novela_resumo_globo-150x112.jpg\" alt=\"\" width=\"150\" height=\"112\" srcset=\"https:\/\/migracao.redenoticia.com.br\/noticia\/imagens\/novo_mundo_novela_resumo_globo-150x112.jpg 150w, https:\/\/migracao.redenoticia.com.br\/noticia\/imagens\/novo_mundo_novela_resumo_globo-265x198.jpg 265w\" sizes=\"auto, (max-width: 150px) 100vw, 150px\" \/><strong><em>Resumo novela \u201cNovo Mundo\u201d 07\/06<\/em><\/strong>: no cap\u00edtulo 067(*) da novela \u201cNovo Mundo\u201d, resumo de quarta-feira, 07 de junho, Piat\u00e3 e Olinto imploram pelo perd\u00e3o de Ferdinando. Domitila diz a Dom Pedro que precisa ir embora por causa de Fel\u00edcio. Leopoldina chora nos bra\u00e7os de Joaquim. Bonif\u00e1cio e Joaquim constatam que o romance de Pedro e Domitila amea\u00e7a o Brasil. Germana sugere que Elvira cobre para entregar a Thomas o documento que encontrou com Joaquim. Ferdinando descobre a doen\u00e7a de Jurema. Anna conta a Liu suas descobertas sobre Thomas. Am\u00e1lia fica agitada quando Madre Assun\u00e7\u00e3o avisa que ela voltar\u00e1 para Portugal. Joaquim revela a Dom Pedro que Domitila e Thomas s\u00e3o c\u00famplices.<\/p>\n<p>(*) edi\u00e7\u00e3o da Rede Globo, Novela \u201cNovo Mundo\u201d, sujeito a altera\u00e7\u00e3o de data e conte\u00fado.<\/p>\n<p>Novo Mundo \u00e9 uma telenovela brasileira produzida pela Rede Globo. Escrita por Thereza Falc\u00e3o e Alessandro Marson, conta com dire\u00e7\u00e3o art\u00edstica de Vin\u00edcius Coimbra. Conta com as participa\u00e7\u00f5es de Isabelle Drummond, Chay Suede, Caio Castro, Let\u00edcia Colin, Leo Jaime, D\u00e9bora Olivieri, Rodrigo Simas, Giullia Buscacio, Vivianne Pasmanter, Guilherme Piva, R\u00f4mulo Estrela, Agatha Moreira, Luisa Micheletti, Gabriel Braga Nunes, e Ingrid Guimar\u00e3es.<\/p>\n","protected":false},"excerpt":{"rendered":"<p>Resumo novela \u201cNovo Mundo\u201d 07\/06: no cap\u00edtulo 067(*) da novela \u201cNovo Mundo\u201d, resumo de quarta-feira, 07 de junho, Piat\u00e3 e Olinto imploram pelo perd\u00e3o de Ferdinando. Domitila diz a Dom Pedro que precisa ir embora por causa de Fel\u00edcio. Leopoldina chora nos bra\u00e7os de Joaquim. Bonif\u00e1cio e Joaquim constatam que o romance de Pedro e [&hellip;]<\/p>\n","protected":false},"author":4,"featured_media":107950,"comment_status":"open","ping_status":"closed","sticky":false,"template":"","format":"standard","meta":{"tdm_status":"","tdm_grid_status":"","footnotes":""},"categories":[379,375,343],"tags":[441],"class_list":{"0":"post-114696","1":"post","2":"type-post","3":"status-publish","4":"format-standard","5":"has-post-thumbnail","7":"category-novelas","8":"category-rede-globo","9":"category-televisao","10":"tag-resumo-do-dia"},"_links":{"self":[{"href":"https:\/\/migracao.redenoticia.com.br\/noticia\/wp-json\/wp\/v2\/posts\/114696","targetHints":{"allow":["GET"]}}],"collection":[{"href":"https:\/\/migracao.redenoticia.com.br\/noticia\/wp-json\/wp\/v2\/posts"}],"about":[{"href":"https:\/\/migracao.redenoticia.com.br\/noticia\/wp-json\/wp\/v2\/types\/post"}],"author":[{"embeddable":true,"href":"https:\/\/migracao.redenoticia.com.br\/noticia\/wp-json\/wp\/v2\/users\/4"}],"replies":[{"embeddable":true,"href":"https:\/\/migracao.redenoticia.com.br\/noticia\/wp-json\/wp\/v2\/comments?post=114696"}],"version-history":[{"count":0,"href":"https:\/\/migracao.redenoticia.com.br\/noticia\/wp-json\/wp\/v2\/posts\/114696\/revisions"}],"wp:featuredmedia":[{"embeddable":true,"href":"https:\/\/migracao.redenoticia.com.br\/noticia\/wp-json\/wp\/v2\/media\/107950"}],"wp:attachment":[{"href":"https:\/\/migracao.redenoticia.com.br\/noticia\/wp-json\/wp\/v2\/media?parent=114696"}],"wp:term":[{"taxonomy":"category","embeddable":true,"href":"https:\/\/migracao.redenoticia.com.br\/noticia\/wp-json\/wp\/v2\/categories?post=114696"},{"taxonomy":"post_tag","embeddable":true,"href":"https:\/\/migracao.redenoticia.com.br\/noticia\/wp-json\/wp\/v2\/tags?post=114696"}],"curies":[{"name":"wp","href":"https:\/\/api.w.org\/{rel}","templated":true}]}}