{"id":114698,"date":"2017-06-06T16:41:12","date_gmt":"2017-06-06T19:41:12","guid":{"rendered":"https:\/\/www.redenoticia.com.br\/noticia\/?p=114698"},"modified":"2017-06-06T16:41:12","modified_gmt":"2017-06-06T19:41:12","slug":"resumo-novela-pega-pega-0706-eric-e-bebeth-discutem","status":"publish","type":"post","link":"https:\/\/migracao.redenoticia.com.br\/noticia\/2017\/resumo-novela-pega-pega-0706-eric-e-bebeth-discutem\/114698","title":{"rendered":"Resumo novela \u201cPega Pega\u201d 07\/06: Eric e Bebeth discutem"},"content":{"rendered":"<p><img class=\"alignleft size-thumbnail wp-image-114640\" https:\/\/migracao.redenoticia.com.br\/noticia\/imagens\/pega-pega-globo-novela-resumo-150x112.jpg\" alt=\"\" width=\"150\" height=\"112\" \/><strong><em>Resumo novela \u201cPega Pega\u201d 07\/06 <\/em><\/strong>: no cap\u00edtulo 002(*) da novela \u201cPega Pega\u201d, resumo de quarta-feira, 07 de junho, Malagueta tenta convencer J\u00falio a roubar o dinheiro da venda do hotel com Sandra Helena e Agnaldo. Pedrinho se arrepende de ter provocado o encontro de Luiza e Eric ao saber que a neta se interessou pelo empres\u00e1rio. Eric e Bebeth discutem. Ant\u00f4nia n\u00e3o gosta de ser retirada de uma opera\u00e7\u00e3o pelo delegado Siqueira. Malagueta visita o pai na cadeia. Malagueta ajuda Sandra Helena a fazer o teste de gravidez e mente para a colega dizendo que o resultado foi positivo. Eric conta para Luiza sobre sua dif\u00edcil rela\u00e7\u00e3o com Bebeth. Maria Pia diz a Madalena que conquistar\u00e1 Eric atrav\u00e9s de Bebeth. Borges n\u00e3o gosta da ideia de M\u00e1rcio de se apresentar em festas infantis. Eric leva Luiza para um jantar rom\u00e2ntico em sua casa. Luiza e Eric t\u00eam sua primeira noite de amor. Maria Pia sente raiva ao ver que Eric passou a noite com Luiza. J\u00falio teme o dia do anivers\u00e1rio de Luiza.<\/p>\n<p>(*) edi\u00e7\u00e3o da Rede Globo, Novela \u201cPega Pega\u201d, sujeito a altera\u00e7\u00e3o de data e conte\u00fado.<\/p>\n<p>Rock Story \u00e9 uma telenovela brasileira produzida pela Rede Globo, para o hor\u00e1rio das 19 horas. Ambientada no Rio de Janeiro, entre os bairros de Copacabana e Tijuca, Pega Pega tem como trama central o roubo ao Hotel Carioca Palace e seus desdobramentos na vida de cada um dos envolvidos, sejam eles h\u00f3spedes, suspeitos ou convidados do grande baile de gala. Assinando a autoria de uma novela pela primeira vez, Claudia Souto prop\u00f5e falar de \u00e9tica com bom humor, sob o ponto de vista de pessoas comuns.<\/p>\n","protected":false},"excerpt":{"rendered":"","protected":false},"author":4,"featured_media":114640,"comment_status":"open","ping_status":"closed","sticky":false,"template":"","format":"standard","meta":{"tdm_status":"","tdm_grid_status":"","footnotes":""},"categories":[379,375,343],"tags":[441],"class_list":{"0":"post-114698","1":"post","2":"type-post","3":"status-publish","4":"format-standard","5":"has-post-thumbnail","7":"category-novelas","8":"category-rede-globo","9":"category-televisao","10":"tag-resumo-do-dia"},"_links":{"self":[{"href":"https:\/\/migracao.redenoticia.com.br\/noticia\/wp-json\/wp\/v2\/posts\/114698","targetHints":{"allow":["GET"]}}],"collection":[{"href":"https:\/\/migracao.redenoticia.com.br\/noticia\/wp-json\/wp\/v2\/posts"}],"about":[{"href":"https:\/\/migracao.redenoticia.com.br\/noticia\/wp-json\/wp\/v2\/types\/post"}],"author":[{"embeddable":true,"href":"https:\/\/migracao.redenoticia.com.br\/noticia\/wp-json\/wp\/v2\/users\/4"}],"replies":[{"embeddable":true,"href":"https:\/\/migracao.redenoticia.com.br\/noticia\/wp-json\/wp\/v2\/comments?post=114698"}],"version-history":[{"count":0,"href":"https:\/\/migracao.redenoticia.com.br\/noticia\/wp-json\/wp\/v2\/posts\/114698\/revisions"}],"wp:featuredmedia":[{"embeddable":true,"href":"https:\/\/migracao.redenoticia.com.br\/noticia\/wp-json\/wp\/v2\/media\/114640"}],"wp:attachment":[{"href":"https:\/\/migracao.redenoticia.com.br\/noticia\/wp-json\/wp\/v2\/media?parent=114698"}],"wp:term":[{"taxonomy":"category","embeddable":true,"href":"https:\/\/migracao.redenoticia.com.br\/noticia\/wp-json\/wp\/v2\/categories?post=114698"},{"taxonomy":"post_tag","embeddable":true,"href":"https:\/\/migracao.redenoticia.com.br\/noticia\/wp-json\/wp\/v2\/tags?post=114698"}],"curies":[{"name":"wp","href":"https:\/\/api.w.org\/{rel}","templated":true}]}}