{"id":114712,"date":"2017-06-07T16:42:41","date_gmt":"2017-06-07T19:42:41","guid":{"rendered":"https:\/\/www.redenoticia.com.br\/noticia\/?p=114712"},"modified":"2017-06-08T17:21:19","modified_gmt":"2017-06-08T20:21:19","slug":"novela-ribeirao-do-tempo-resumo-0806-beatriz-conversa-com-nicolau-sobre-ari","status":"publish","type":"post","link":"https:\/\/migracao.redenoticia.com.br\/noticia\/2017\/novela-ribeirao-do-tempo-resumo-0806-beatriz-conversa-com-nicolau-sobre-ari\/114712","title":{"rendered":"Novela \u201cRibeir\u00e3o do Tempo\u201d resumo 08\/06: Tito conta a Fil\u00f3 sobre situa\u00e7\u00e3o da pousada"},"content":{"rendered":"<p> <img loading=\"lazy\" decoding=\"async\" src=\"https:\/\/migracao.redenoticia.com.br\/noticia\/imagens\/ribeirao_do_tempo_novela_record_resumo-150x112.jpg\" alt=\"\" width=\"150\" height=\"112\" class=\"alignleft size-thumbnail wp-image-108265\" srcset=\"https:\/\/migracao.redenoticia.com.br\/noticia\/imagens\/ribeirao_do_tempo_novela_record_resumo-150x112.jpg 150w, https:\/\/migracao.redenoticia.com.br\/noticia\/imagens\/ribeirao_do_tempo_novela_record_resumo-265x198.jpg 265w\" sizes=\"auto, (max-width: 150px) 100vw, 150px\" \/><strong><em>Novela \u201cRibeir\u00e3o do Tempo\u201d resumo 08\/06<\/em><\/strong>: no capitulo 068 (*) da novela \u201cRibeir\u00e3o do Tempo\u201d, quinta-feira, 08 de junho, Arminda pede para Elza dispensar Joca quando ele chegar. Diana fica triste. Joca liga para Diana, que conta que Arminda ficou brava por ela t\u00ea-lo convidado para jantar com elas. Joca aconselha Diana a fazer o que Arminda mandar para evitar conflitos. Tito conta a Fil\u00f3 que a situa\u00e7\u00e3o da pousada \u00e9 grave e ela tenta lhe dar esperan\u00e7a. Newton afirma a Tito que qualquer um percebe que Filomena gosta dele. Tito diz que ela n\u00e3o faz o tipo dele. <\/p>\n<p>Arminda d\u00e1 diversas dicas para Diana se comportar como uma mocinha elegante. Confuso, Quer\u00eancio pergunta a Marisa se ela acha que o destino dele e o do Brasil est\u00e3o cruzados. Agoniado, Ari revela a Virg\u00ednia que se impedirem a candidatura dele, ele se mata. Ajuricaba aconselha Ari a ir at\u00e9 a fazenda de Nicolau e perguntar quem ele pretender lan\u00e7ar como candidato a prefeito. Nicolau vai at\u00e9 a casa de Zuleide e pede para ela falar para Karina encontr\u00e1-lo no apartamento dela. Zuleide liga para a amiga e diz que o senador tem um assunto para tratar com ela. Newton \u00e9 recebido com alegria na pousada. Filomena conta a Carmem que est\u00e1 preocupada com Tito. Zuleide sai de seu apartamento e Nicolau agarra Karina, que acaba n\u00e3o resiste \u00e0 tenta\u00e7\u00e3o. Clor\u00eds diz a Virg\u00edlio que precisa descobrir quem fez a proposta para Tito.<\/p>\n<p>Ari vai \u00e0 fazenda de Nicolau e aguarda pelo senador, que est\u00e1 dormindo. Clor\u00eds fala para Nasinho que precisa saber quem fez a proposta para evitar que Tito detone a negocia\u00e7\u00e3o. O escrevente aconselha Clor\u00eds a n\u00e3o falar nada antes da hora e revela que Nicolau \u00e9 o proponente. Ari pede para Beatriz ajud\u00e1-lo a se lan\u00e7ar candidato a prefeito de Ribeir\u00e3o. Nicolau chega \u00e0 sala e pede para o prefeito acompanh\u00e1-lo at\u00e9 o escrit\u00f3rio. <\/p>\n<p>(*) edi\u00e7\u00e3o da Rede Record, Novela \u201cRibeir\u00e3o do Tempo\u201d, sujeito a altera\u00e7\u00e3o de data e conte\u00fado.<\/p>\n","protected":false},"excerpt":{"rendered":"<p>Novela \u201cRibeir\u00e3o do Tempo\u201d resumo 08\/06: no capitulo 068 (*) da novela \u201cRibeir\u00e3o do Tempo\u201d, quinta-feira, 08 de junho, Arminda pede para Elza dispensar Joca quando ele chegar. Diana fica triste. Joca liga para Diana, que conta que Arminda ficou brava por ela t\u00ea-lo convidado para jantar com elas. Joca aconselha Diana a fazer o [&hellip;]<\/p>\n","protected":false},"author":2,"featured_media":108265,"comment_status":"open","ping_status":"closed","sticky":false,"template":"","format":"standard","meta":{"tdm_status":"","tdm_grid_status":"","footnotes":""},"categories":[379,371,343],"tags":[441],"class_list":{"0":"post-114712","1":"post","2":"type-post","3":"status-publish","4":"format-standard","5":"has-post-thumbnail","7":"category-novelas","8":"category-rede-record","9":"category-televisao","10":"tag-resumo-do-dia"},"_links":{"self":[{"href":"https:\/\/migracao.redenoticia.com.br\/noticia\/wp-json\/wp\/v2\/posts\/114712","targetHints":{"allow":["GET"]}}],"collection":[{"href":"https:\/\/migracao.redenoticia.com.br\/noticia\/wp-json\/wp\/v2\/posts"}],"about":[{"href":"https:\/\/migracao.redenoticia.com.br\/noticia\/wp-json\/wp\/v2\/types\/post"}],"author":[{"embeddable":true,"href":"https:\/\/migracao.redenoticia.com.br\/noticia\/wp-json\/wp\/v2\/users\/2"}],"replies":[{"embeddable":true,"href":"https:\/\/migracao.redenoticia.com.br\/noticia\/wp-json\/wp\/v2\/comments?post=114712"}],"version-history":[{"count":0,"href":"https:\/\/migracao.redenoticia.com.br\/noticia\/wp-json\/wp\/v2\/posts\/114712\/revisions"}],"wp:featuredmedia":[{"embeddable":true,"href":"https:\/\/migracao.redenoticia.com.br\/noticia\/wp-json\/wp\/v2\/media\/108265"}],"wp:attachment":[{"href":"https:\/\/migracao.redenoticia.com.br\/noticia\/wp-json\/wp\/v2\/media?parent=114712"}],"wp:term":[{"taxonomy":"category","embeddable":true,"href":"https:\/\/migracao.redenoticia.com.br\/noticia\/wp-json\/wp\/v2\/categories?post=114712"},{"taxonomy":"post_tag","embeddable":true,"href":"https:\/\/migracao.redenoticia.com.br\/noticia\/wp-json\/wp\/v2\/tags?post=114712"}],"curies":[{"name":"wp","href":"https:\/\/api.w.org\/{rel}","templated":true}]}}