{"id":114720,"date":"2017-06-07T16:45:14","date_gmt":"2017-06-07T19:45:14","guid":{"rendered":"https:\/\/www.redenoticia.com.br\/noticia\/?p=114720"},"modified":"2017-06-08T21:44:09","modified_gmt":"2017-06-09T00:44:09","slug":"novela-o-rico-e-lazaro-resumo-0806-matias-beija-gadise","status":"publish","type":"post","link":"https:\/\/migracao.redenoticia.com.br\/noticia\/2017\/novela-o-rico-e-lazaro-resumo-0806-matias-beija-gadise\/114720","title":{"rendered":"Novela \u201cO Rico e L\u00e1zaro\u201d resumo 08\/06: Sammu-Ramat fala mal de Daniel para a rainha"},"content":{"rendered":"<p> <img loading=\"lazy\" decoding=\"async\" src=\"https:\/\/migracao.redenoticia.com.br\/noticia\/imagens\/o_rico_e_o_lazaro_resumo_novela_record-150x112.jpg\" alt=\"\" width=\"150\" height=\"112\" class=\"alignleft size-thumbnail wp-image-107948\" srcset=\"https:\/\/migracao.redenoticia.com.br\/noticia\/imagens\/o_rico_e_o_lazaro_resumo_novela_record-150x112.jpg 150w, https:\/\/migracao.redenoticia.com.br\/noticia\/imagens\/o_rico_e_o_lazaro_resumo_novela_record-265x198.jpg 265w\" sizes=\"auto, (max-width: 150px) 100vw, 150px\" \/><strong><em>Novela \u201cO Rico e L\u00e1zaro\u201d resumo 08\/06<\/em><\/strong>: no capitulo 064(*) da novela \u201cO Rico e L\u00e1zaro\u201d, quinta-feira, 08 de junho, Zac percebe a situa\u00e7\u00e3o e mata Joel, salvando a vida de Asher. Amitis escolhe as mulheres que passar\u00e3o a noite com o rei. Zac deixa a Casa da Lua um pouco desorientado. Shag-Shag cuida dos ferimentos de Asher. <\/p>\n<p>Sammu-Ramat fala mal de Daniel e dos s\u00e1bios hebreus para a rainha. Sadraque e Mesaque falam sobre as escravas hebreias. Nebuzarad\u00e3 fala de sua vontade de ter um filho com sangue real. Asher descobre que Chaim est\u00e1 morto. Em conversa com Zac, Elga se sente culpada por ter se omitido em rela\u00e7\u00e3o ao tratamento de Chaim com os filhos.<\/p>\n<p> Samira e Talita ficam com medo de Chaim retornar do mundo dos mortos. Nicolau tem um pesadelo com o pai. Amitis se une \u00e0 Sammu para destruir Daniel. O governador se recorda do milagre ocorrido com Lia. Arioque decide interrogar a fam\u00edlia de Elga sobre a morte de Chaim. No calabou\u00e7o, Asher se surpreende com a presen\u00e7a de Zac. <\/p>\n<p>(*) edi\u00e7\u00e3o da Rede Record, Novela \u201cO Rico e L\u00e1zaro\u201d, sujeito a altera\u00e7\u00e3o de data e conte\u00fado.<\/p>\n","protected":false},"excerpt":{"rendered":"<p>Novela \u201cO Rico e L\u00e1zaro\u201d resumo 08\/06: no capitulo 064(*) da novela \u201cO Rico e L\u00e1zaro\u201d, quinta-feira, 08 de junho, Zac percebe a situa\u00e7\u00e3o e mata Joel, salvando a vida de Asher. Amitis escolhe as mulheres que passar\u00e3o a noite com o rei. Zac deixa a Casa da Lua um pouco desorientado. Shag-Shag cuida dos [&hellip;]<\/p>\n","protected":false},"author":2,"featured_media":107948,"comment_status":"open","ping_status":"closed","sticky":false,"template":"","format":"standard","meta":{"tdm_status":"","tdm_grid_status":"","footnotes":""},"categories":[379,371,343],"tags":[441],"class_list":{"0":"post-114720","1":"post","2":"type-post","3":"status-publish","4":"format-standard","5":"has-post-thumbnail","7":"category-novelas","8":"category-rede-record","9":"category-televisao","10":"tag-resumo-do-dia"},"_links":{"self":[{"href":"https:\/\/migracao.redenoticia.com.br\/noticia\/wp-json\/wp\/v2\/posts\/114720","targetHints":{"allow":["GET"]}}],"collection":[{"href":"https:\/\/migracao.redenoticia.com.br\/noticia\/wp-json\/wp\/v2\/posts"}],"about":[{"href":"https:\/\/migracao.redenoticia.com.br\/noticia\/wp-json\/wp\/v2\/types\/post"}],"author":[{"embeddable":true,"href":"https:\/\/migracao.redenoticia.com.br\/noticia\/wp-json\/wp\/v2\/users\/2"}],"replies":[{"embeddable":true,"href":"https:\/\/migracao.redenoticia.com.br\/noticia\/wp-json\/wp\/v2\/comments?post=114720"}],"version-history":[{"count":0,"href":"https:\/\/migracao.redenoticia.com.br\/noticia\/wp-json\/wp\/v2\/posts\/114720\/revisions"}],"wp:featuredmedia":[{"embeddable":true,"href":"https:\/\/migracao.redenoticia.com.br\/noticia\/wp-json\/wp\/v2\/media\/107948"}],"wp:attachment":[{"href":"https:\/\/migracao.redenoticia.com.br\/noticia\/wp-json\/wp\/v2\/media?parent=114720"}],"wp:term":[{"taxonomy":"category","embeddable":true,"href":"https:\/\/migracao.redenoticia.com.br\/noticia\/wp-json\/wp\/v2\/categories?post=114720"},{"taxonomy":"post_tag","embeddable":true,"href":"https:\/\/migracao.redenoticia.com.br\/noticia\/wp-json\/wp\/v2\/tags?post=114720"}],"curies":[{"name":"wp","href":"https:\/\/api.w.org\/{rel}","templated":true}]}}