{"id":114823,"date":"2017-06-08T16:25:46","date_gmt":"2017-06-08T19:25:46","guid":{"rendered":"https:\/\/www.redenoticia.com.br\/noticia\/?p=114823"},"modified":"2017-06-08T11:26:50","modified_gmt":"2017-06-08T14:26:50","slug":"resumo-novela-o-que-a-vida-me-roubou-0906-adolfo-encontra-maria","status":"publish","type":"post","link":"https:\/\/migracao.redenoticia.com.br\/noticia\/2017\/resumo-novela-o-que-a-vida-me-roubou-0906-adolfo-encontra-maria\/114823","title":{"rendered":"Resumo novela \u201cO Que A Vida Me Roubou\u201d 09\/06: Adolfo encontra Maria"},"content":{"rendered":"<p><img loading=\"lazy\" decoding=\"async\" src=\"https:\/\/migracao.redenoticia.com.br\/noticia\/imagens\/o-que-a-vida-me-roubou-novela-resumo-sbt-150x112.jpg\" alt=\"\" width=\"150\" height=\"112\" class=\"alignleft size-thumbnail wp-image-105656\" srcset=\"https:\/\/migracao.redenoticia.com.br\/noticia\/imagens\/o-que-a-vida-me-roubou-novela-resumo-sbt-150x112.jpg 150w, https:\/\/migracao.redenoticia.com.br\/noticia\/imagens\/o-que-a-vida-me-roubou-novela-resumo-sbt-265x198.jpg 265w\" sizes=\"auto, (max-width: 150px) 100vw, 150px\" \/><strong><em>Resumo novela \u201cO Que A Vida Me Roubou\u201d 09\/06<\/em><\/strong>: no cap\u00edtulo 095(*) da novela \u201cO Que A Vida Me Roubou\u201d, resumo de sexta-feira, 09 de junho, Graziela fala com Josefina e pergunta-lhe se Alessandro est\u00e1 vivo. Graziela pede-lhe que n\u00e3o conte a verdade a Montserrat porque a filha est\u00e1 muito contente ao lado de Jos\u00e9 Lu\u00eds e n\u00e3o seria justo separ\u00e1-los. Am\u00e9lia diz a Vit\u00f3ria que se deve portar bem e fingir que Pedro \u00e9 o seu pai verdadeiro. Adolfo descobre onde est\u00e1 Maria. V\u00edtor e Alessandro conseguem documentos falsos para viajarem para o M\u00e9xico, mas quando se encontram com Martin, o homem que prometeu ajuda-los, este acaba por esfaquear V\u00edtor e diz-lhe que Pedro manda os seus cumprimentos. Am\u00e9lia diz a Jos\u00e9 Lu\u00eds que N\u00e1dia est\u00e1 viva e que Alessandro tamb\u00e9m poder\u00e1 estar, mas ele parece n\u00e3o se importar. Am\u00e9lia diz-lhe que Montserrat ir\u00e1 descobrir a verdade mais cedo ou mais tarde com o regresso de N\u00e1dia. Graziela, furiosa com Fab\u00edola, diz-lhe que vai conseguir provar que o seu neto \u00e9, na verdade, um Almonte. Esmeralda ouve Renato a dizer a M\u00f4nica o que sente por ela. Quando Alessandro visita V\u00edtor no hospital, diz-lhe que N\u00e1dia abandonou o apartamento. Jos\u00e9 Lu\u00eds relembra Graziela que Montserrat tem que ficar com ele ou perder\u00e1 o direito ao seu pagamento mensal. N\u00e1dia chega a \u00c1gua Azul e pede a Pedro para ver a sua filha. Medina diz-lhe que s\u00f3 poder\u00e1 voltar a estar com Vit\u00f3ria se aceitar que nunca mais ver\u00e1 V\u00edtor. Graziela e Pedro falam sobre Alessandro e o perigo que o seu regresso poder\u00e1 representar. Adolfo leva Maria para um clinica de reabilita\u00e7\u00e3o.<\/p>\n<p>(*) edi\u00e7\u00e3o do SBT, Novela \u201cO Que A Vida Me Roubou\u201d, sujeito a altera\u00e7\u00e3o de data e conte\u00fado.<\/p>\n<p>Lo que la vida me rob\u00f3 (no Brasil, O Que a Vida Me Roubou) \u00e9 uma telenovela mexicana produzida por Angelli Nesma Medina para Televisa e exibida pelo Canal de las Estrellas entre 28 de outubro de 2013 e 27 de julho de 2014 em 196 cap\u00edtulos, substituindo La tempestad e sendo substitu\u00edda por Hasta el fin del mundo. A original \u00e9 de Caridad Bravo Adams, sendo esta um remake modernizado das novelas Bodas de odio e Amor real, produzidas em 1983 e 2003, respectivamente. Tem Angelique Boyer, Sebasti\u00e1n Rulli, Luis Roberto Guzm\u00e1n, Daniela Castro, Grettell Vald\u00e9z, Sergio Sendel e Lisset nos papeis principais.<\/p>\n","protected":false},"excerpt":{"rendered":"<p>Resumo novela \u201cO Que A Vida Me Roubou\u201d 09\/06: no cap\u00edtulo 095(*) da novela \u201cO Que A Vida Me Roubou\u201d, resumo de sexta-feira, 09 de junho, Graziela fala com Josefina e pergunta-lhe se Alessandro est\u00e1 vivo. Graziela pede-lhe que n\u00e3o conte a verdade a Montserrat porque a filha est\u00e1 muito contente ao lado de Jos\u00e9 [&hellip;]<\/p>\n","protected":false},"author":4,"featured_media":105656,"comment_status":"open","ping_status":"closed","sticky":false,"template":"","format":"standard","meta":{"tdm_status":"","tdm_grid_status":"","footnotes":""},"categories":[379,372,343],"tags":[441],"class_list":{"0":"post-114823","1":"post","2":"type-post","3":"status-publish","4":"format-standard","5":"has-post-thumbnail","7":"category-novelas","8":"category-sbt","9":"category-televisao","10":"tag-resumo-do-dia"},"_links":{"self":[{"href":"https:\/\/migracao.redenoticia.com.br\/noticia\/wp-json\/wp\/v2\/posts\/114823","targetHints":{"allow":["GET"]}}],"collection":[{"href":"https:\/\/migracao.redenoticia.com.br\/noticia\/wp-json\/wp\/v2\/posts"}],"about":[{"href":"https:\/\/migracao.redenoticia.com.br\/noticia\/wp-json\/wp\/v2\/types\/post"}],"author":[{"embeddable":true,"href":"https:\/\/migracao.redenoticia.com.br\/noticia\/wp-json\/wp\/v2\/users\/4"}],"replies":[{"embeddable":true,"href":"https:\/\/migracao.redenoticia.com.br\/noticia\/wp-json\/wp\/v2\/comments?post=114823"}],"version-history":[{"count":0,"href":"https:\/\/migracao.redenoticia.com.br\/noticia\/wp-json\/wp\/v2\/posts\/114823\/revisions"}],"wp:featuredmedia":[{"embeddable":true,"href":"https:\/\/migracao.redenoticia.com.br\/noticia\/wp-json\/wp\/v2\/media\/105656"}],"wp:attachment":[{"href":"https:\/\/migracao.redenoticia.com.br\/noticia\/wp-json\/wp\/v2\/media?parent=114823"}],"wp:term":[{"taxonomy":"category","embeddable":true,"href":"https:\/\/migracao.redenoticia.com.br\/noticia\/wp-json\/wp\/v2\/categories?post=114823"},{"taxonomy":"post_tag","embeddable":true,"href":"https:\/\/migracao.redenoticia.com.br\/noticia\/wp-json\/wp\/v2\/tags?post=114823"}],"curies":[{"name":"wp","href":"https:\/\/api.w.org\/{rel}","templated":true}]}}