{"id":114833,"date":"2017-06-08T16:32:13","date_gmt":"2017-06-08T19:32:13","guid":{"rendered":"https:\/\/www.redenoticia.com.br\/noticia\/?p=114833"},"modified":"2017-06-08T11:33:21","modified_gmt":"2017-06-08T14:33:21","slug":"resumo-novela-novo-mundo-0906-joaquim-e-anna-se-amam","status":"publish","type":"post","link":"https:\/\/migracao.redenoticia.com.br\/noticia\/2017\/resumo-novela-novo-mundo-0906-joaquim-e-anna-se-amam\/114833","title":{"rendered":"Resumo novela \u201cNovo Mundo\u201d 09\/06: Joaquim e Anna se amam"},"content":{"rendered":"<p><img loading=\"lazy\" decoding=\"async\" class=\"alignleft size-thumbnail wp-image-107950\" src=\"https:\/\/migracao.redenoticia.com.br\/noticia\/imagens\/novo_mundo_novela_resumo_globo-150x112.jpg\" alt=\"\" width=\"150\" height=\"112\" srcset=\"https:\/\/migracao.redenoticia.com.br\/noticia\/imagens\/novo_mundo_novela_resumo_globo-150x112.jpg 150w, https:\/\/migracao.redenoticia.com.br\/noticia\/imagens\/novo_mundo_novela_resumo_globo-265x198.jpg 265w\" sizes=\"auto, (max-width: 150px) 100vw, 150px\" \/><strong><em>Resumo novela \u201cNovo Mundo\u201d 09\/06<\/em><\/strong>: no cap\u00edtulo 069(*) da novela \u201cNovo Mundo\u201d, resumo de sexta-feira, 09 de junho, Anna mostra a Fred a lista dos marujos de seu pai. Am\u00e1lia inicia um inc\u00eandio em sua cela e foge do convento. Joaquim encontra Am\u00e1lia desmaiada na rua e a leva para Peter. Pedro e Bonif\u00e1cio t\u00eam uma reuni\u00e3o com Thomas. Joaquim entrega uma carta que Domitila escreveu para Thomas a Dom Pedro. Germana e Licurgo fazem as pazes. Narcisa chega ao porto e \u00e9 ajudada por Hugo. Francisco conta para Thomas sobre o plano de Joaquim. Lib\u00e9rio descobre que Cec\u00edlia \u00e9 filha de Sebasti\u00e3o. Anna decide sair de casa ao saber da aus\u00eancia do marido. Joaquim e Anna se amam.<\/p>\n<p>(*) edi\u00e7\u00e3o da Rede Globo, Novela \u201cNovo Mundo\u201d, sujeito a altera\u00e7\u00e3o de data e conte\u00fado.<\/p>\n<p>Novo Mundo \u00e9 uma telenovela brasileira produzida pela Rede Globo. Escrita por Thereza Falc\u00e3o e Alessandro Marson, conta com dire\u00e7\u00e3o art\u00edstica de Vin\u00edcius Coimbra. Conta com as participa\u00e7\u00f5es de Isabelle Drummond, Chay Suede, Caio Castro, Let\u00edcia Colin, Leo Jaime, D\u00e9bora Olivieri, Rodrigo Simas, Giullia Buscacio, Vivianne Pasmanter, Guilherme Piva, R\u00f4mulo Estrela, Agatha Moreira, Luisa Micheletti, Gabriel Braga Nunes, e Ingrid Guimar\u00e3es.<\/p>\n","protected":false},"excerpt":{"rendered":"<p>Resumo novela \u201cNovo Mundo\u201d 09\/06: no cap\u00edtulo 069(*) da novela \u201cNovo Mundo\u201d, resumo de sexta-feira, 09 de junho, Anna mostra a Fred a lista dos marujos de seu pai. Am\u00e1lia inicia um inc\u00eandio em sua cela e foge do convento. Joaquim encontra Am\u00e1lia desmaiada na rua e a leva para Peter. Pedro e Bonif\u00e1cio t\u00eam [&hellip;]<\/p>\n","protected":false},"author":4,"featured_media":107950,"comment_status":"open","ping_status":"closed","sticky":false,"template":"","format":"standard","meta":{"tdm_status":"","tdm_grid_status":"","footnotes":""},"categories":[379,375,343],"tags":[441],"class_list":{"0":"post-114833","1":"post","2":"type-post","3":"status-publish","4":"format-standard","5":"has-post-thumbnail","7":"category-novelas","8":"category-rede-globo","9":"category-televisao","10":"tag-resumo-do-dia"},"_links":{"self":[{"href":"https:\/\/migracao.redenoticia.com.br\/noticia\/wp-json\/wp\/v2\/posts\/114833","targetHints":{"allow":["GET"]}}],"collection":[{"href":"https:\/\/migracao.redenoticia.com.br\/noticia\/wp-json\/wp\/v2\/posts"}],"about":[{"href":"https:\/\/migracao.redenoticia.com.br\/noticia\/wp-json\/wp\/v2\/types\/post"}],"author":[{"embeddable":true,"href":"https:\/\/migracao.redenoticia.com.br\/noticia\/wp-json\/wp\/v2\/users\/4"}],"replies":[{"embeddable":true,"href":"https:\/\/migracao.redenoticia.com.br\/noticia\/wp-json\/wp\/v2\/comments?post=114833"}],"version-history":[{"count":0,"href":"https:\/\/migracao.redenoticia.com.br\/noticia\/wp-json\/wp\/v2\/posts\/114833\/revisions"}],"wp:featuredmedia":[{"embeddable":true,"href":"https:\/\/migracao.redenoticia.com.br\/noticia\/wp-json\/wp\/v2\/media\/107950"}],"wp:attachment":[{"href":"https:\/\/migracao.redenoticia.com.br\/noticia\/wp-json\/wp\/v2\/media?parent=114833"}],"wp:term":[{"taxonomy":"category","embeddable":true,"href":"https:\/\/migracao.redenoticia.com.br\/noticia\/wp-json\/wp\/v2\/categories?post=114833"},{"taxonomy":"post_tag","embeddable":true,"href":"https:\/\/migracao.redenoticia.com.br\/noticia\/wp-json\/wp\/v2\/tags?post=114833"}],"curies":[{"name":"wp","href":"https:\/\/api.w.org\/{rel}","templated":true}]}}