{"id":114858,"date":"2017-06-09T00:06:52","date_gmt":"2017-06-09T03:06:52","guid":{"rendered":"https:\/\/www.redenoticia.com.br\/noticia\/?p=114858"},"modified":"2017-06-08T18:36:58","modified_gmt":"2017-06-08T21:36:58","slug":"sistema-eja-sp-esta-com-inscricoes-abertas-para-o-segundo-semestre","status":"publish","type":"post","link":"https:\/\/migracao.redenoticia.com.br\/noticia\/2017\/sistema-eja-sp-esta-com-inscricoes-abertas-para-o-segundo-semestre\/114858","title":{"rendered":"Sistema EJA SP est\u00e1 com inscri\u00e7\u00f5es abertas para o segundo semestre"},"content":{"rendered":"<p> Os jovens e adultos que n\u00e3o terminaram os estudos e querem retornar \u00e0s salas de aula pelo <strong><em>Sistema EJA<\/em><\/strong> j\u00e1 podem se inscrever\u00a0para o segundo semestre de 2017.\u00a0Para se matricular, o interessado deve se dirigir at\u00e9 uma das escolas da rede.<\/p>\n<p>Para fazer a matr\u00edcula, \u00e9 preciso levar documento de identidade (RG, carteira de trabalho ou passaporte), comprovante de resid\u00eancia e, se poss\u00edvel, hist\u00f3rico escolar.<\/p>\n<p>Cerca de mais de mil escolas estaduais paulistas oferecem as aulas da EJA. Nesse modelo \u00e9 poss\u00edvel concluir tanto o  quanto o .<\/p>\n<p>As aulas do Ensino Fundamental s\u00e3o abertas para alunos a partir de 15 anos. J\u00e1 os interessados em concluir o Ensino M\u00e9dio precisam ter, no m\u00ednimo, 18 anos.<\/p>\n<p>Os m\u00f3dulos, de seis meses cada, s\u00e3o equivalentes aos anos e s\u00e9ries do ensino regular. O curso conta com quatro horas di\u00e1rias, de segunda a sexta-feira. Os resultados das inscri\u00e7\u00f5es estar\u00e3o dispon\u00edveis a partir do dia 10 de julho.<\/p>\n<p>Do Portal do Governo SP<\/p>\n","protected":false},"excerpt":{"rendered":"<p>Os jovens e adultos que n\u00e3o terminaram os estudos e querem retornar \u00e0s salas de aula pelo Sistema EJA j\u00e1 podem se inscrever\u00a0para o segundo semestre de 2017.\u00a0Para se matricular, o interessado deve se dirigir at\u00e9 uma das escolas da rede. Para fazer a matr\u00edcula, \u00e9 preciso levar documento de identidade (RG, carteira de trabalho [&hellip;]<\/p>\n","protected":false},"author":2,"featured_media":36244,"comment_status":"open","ping_status":"closed","sticky":false,"template":"","format":"standard","meta":{"tdm_status":"","tdm_grid_status":"","footnotes":""},"categories":[22,351,370],"tags":[],"class_list":{"0":"post-114858","1":"post","2":"type-post","3":"status-publish","4":"format-standard","5":"has-post-thumbnail","7":"category-brasil","8":"category-cursos","9":"category-inscricao"},"_links":{"self":[{"href":"https:\/\/migracao.redenoticia.com.br\/noticia\/wp-json\/wp\/v2\/posts\/114858","targetHints":{"allow":["GET"]}}],"collection":[{"href":"https:\/\/migracao.redenoticia.com.br\/noticia\/wp-json\/wp\/v2\/posts"}],"about":[{"href":"https:\/\/migracao.redenoticia.com.br\/noticia\/wp-json\/wp\/v2\/types\/post"}],"author":[{"embeddable":true,"href":"https:\/\/migracao.redenoticia.com.br\/noticia\/wp-json\/wp\/v2\/users\/2"}],"replies":[{"embeddable":true,"href":"https:\/\/migracao.redenoticia.com.br\/noticia\/wp-json\/wp\/v2\/comments?post=114858"}],"version-history":[{"count":0,"href":"https:\/\/migracao.redenoticia.com.br\/noticia\/wp-json\/wp\/v2\/posts\/114858\/revisions"}],"wp:featuredmedia":[{"embeddable":true,"href":"https:\/\/migracao.redenoticia.com.br\/noticia\/wp-json\/wp\/v2\/media\/36244"}],"wp:attachment":[{"href":"https:\/\/migracao.redenoticia.com.br\/noticia\/wp-json\/wp\/v2\/media?parent=114858"}],"wp:term":[{"taxonomy":"category","embeddable":true,"href":"https:\/\/migracao.redenoticia.com.br\/noticia\/wp-json\/wp\/v2\/categories?post=114858"},{"taxonomy":"post_tag","embeddable":true,"href":"https:\/\/migracao.redenoticia.com.br\/noticia\/wp-json\/wp\/v2\/tags?post=114858"}],"curies":[{"name":"wp","href":"https:\/\/api.w.org\/{rel}","templated":true}]}}