{"id":114901,"date":"2017-06-09T16:24:01","date_gmt":"2017-06-09T19:24:01","guid":{"rendered":"https:\/\/www.redenoticia.com.br\/noticia\/?p=114901"},"modified":"2017-06-09T16:24:01","modified_gmt":"2017-06-09T19:24:01","slug":"resumo-novela-novo-mundo-1006-thomas-ve-anna-e-joaquim-juntos","status":"publish","type":"post","link":"https:\/\/migracao.redenoticia.com.br\/noticia\/2017\/resumo-novela-novo-mundo-1006-thomas-ve-anna-e-joaquim-juntos\/114901","title":{"rendered":"Resumo novela \u201cNovo Mundo\u201d 10\/06: Thomas v\u00ea Anna e Joaquim juntos"},"content":{"rendered":"<p><img loading=\"lazy\" decoding=\"async\" class=\"alignleft size-thumbnail wp-image-107950\" src=\"https:\/\/migracao.redenoticia.com.br\/noticia\/imagens\/novo_mundo_novela_resumo_globo-150x112.jpg\" alt=\"\" width=\"150\" height=\"112\" srcset=\"https:\/\/migracao.redenoticia.com.br\/noticia\/imagens\/novo_mundo_novela_resumo_globo-150x112.jpg 150w, https:\/\/migracao.redenoticia.com.br\/noticia\/imagens\/novo_mundo_novela_resumo_globo-265x198.jpg 265w\" sizes=\"auto, (max-width: 150px) 100vw, 150px\" \/><strong><em>Resumo novela \u201cNovo Mundo\u201d 10\/06<\/em><\/strong>: no cap\u00edtulo 070(*) da novela \u201cNovo Mundo\u201d, resumo de s\u00e1bado, 10 de junho, Thomas volta para casa e se irrita por n\u00e3o encontrar Anna. Pedro pensa em Chala\u00e7a e Domitila. Hugo come\u00e7a a trabalhar na taberna. Narcisa chega ao pal\u00e1cio. Dom Pedro compara a letra da carta que Joaquim lhe entregou com a de Domitila. Wolfgang e Diana armam uma estrat\u00e9gia para libertar a fam\u00edlia de um escravo. Piat\u00e3 e Olinto s\u00e3o liberados para ficar na aldeia. Sebasti\u00e3o n\u00e3o deixa Madre Assun\u00e7\u00e3o falar com Cec\u00edlia. Peter afirma a Am\u00e1lia que n\u00e3o deixar\u00e1 que ela volte a Portugal. Thomas v\u00ea Anna e Joaquim juntos.<\/p>\n<p>(*) edi\u00e7\u00e3o da Rede Globo, Novela \u201cNovo Mundo\u201d, sujeito a altera\u00e7\u00e3o de data e conte\u00fado.<\/p>\n<p>Novo Mundo \u00e9 uma telenovela brasileira produzida pela Rede Globo. Escrita por Thereza Falc\u00e3o e Alessandro Marson, conta com dire\u00e7\u00e3o art\u00edstica de Vin\u00edcius Coimbra. Conta com as participa\u00e7\u00f5es de Isabelle Drummond, Chay Suede, Caio Castro, Let\u00edcia Colin, Leo Jaime, D\u00e9bora Olivieri, Rodrigo Simas, Giullia Buscacio, Vivianne Pasmanter, Guilherme Piva, R\u00f4mulo Estrela, Agatha Moreira, Luisa Micheletti, Gabriel Braga Nunes, e Ingrid Guimar\u00e3es.<\/p>\n","protected":false},"excerpt":{"rendered":"<p>Resumo novela \u201cNovo Mundo\u201d 10\/06: no cap\u00edtulo 070(*) da novela \u201cNovo Mundo\u201d, resumo de s\u00e1bado, 10 de junho, Thomas volta para casa e se irrita por n\u00e3o encontrar Anna. Pedro pensa em Chala\u00e7a e Domitila. Hugo come\u00e7a a trabalhar na taberna. Narcisa chega ao pal\u00e1cio. Dom Pedro compara a letra da carta que Joaquim lhe [&hellip;]<\/p>\n","protected":false},"author":4,"featured_media":107950,"comment_status":"open","ping_status":"closed","sticky":false,"template":"","format":"standard","meta":{"tdm_status":"","tdm_grid_status":"","footnotes":""},"categories":[379,375,343],"tags":[441],"class_list":{"0":"post-114901","1":"post","2":"type-post","3":"status-publish","4":"format-standard","5":"has-post-thumbnail","7":"category-novelas","8":"category-rede-globo","9":"category-televisao","10":"tag-resumo-do-dia"},"_links":{"self":[{"href":"https:\/\/migracao.redenoticia.com.br\/noticia\/wp-json\/wp\/v2\/posts\/114901","targetHints":{"allow":["GET"]}}],"collection":[{"href":"https:\/\/migracao.redenoticia.com.br\/noticia\/wp-json\/wp\/v2\/posts"}],"about":[{"href":"https:\/\/migracao.redenoticia.com.br\/noticia\/wp-json\/wp\/v2\/types\/post"}],"author":[{"embeddable":true,"href":"https:\/\/migracao.redenoticia.com.br\/noticia\/wp-json\/wp\/v2\/users\/4"}],"replies":[{"embeddable":true,"href":"https:\/\/migracao.redenoticia.com.br\/noticia\/wp-json\/wp\/v2\/comments?post=114901"}],"version-history":[{"count":0,"href":"https:\/\/migracao.redenoticia.com.br\/noticia\/wp-json\/wp\/v2\/posts\/114901\/revisions"}],"wp:featuredmedia":[{"embeddable":true,"href":"https:\/\/migracao.redenoticia.com.br\/noticia\/wp-json\/wp\/v2\/media\/107950"}],"wp:attachment":[{"href":"https:\/\/migracao.redenoticia.com.br\/noticia\/wp-json\/wp\/v2\/media?parent=114901"}],"wp:term":[{"taxonomy":"category","embeddable":true,"href":"https:\/\/migracao.redenoticia.com.br\/noticia\/wp-json\/wp\/v2\/categories?post=114901"},{"taxonomy":"post_tag","embeddable":true,"href":"https:\/\/migracao.redenoticia.com.br\/noticia\/wp-json\/wp\/v2\/tags?post=114901"}],"curies":[{"name":"wp","href":"https:\/\/api.w.org\/{rel}","templated":true}]}}