{"id":114915,"date":"2017-06-10T00:05:47","date_gmt":"2017-06-10T03:05:47","guid":{"rendered":"https:\/\/www.redenoticia.com.br\/noticia\/?p=114915"},"modified":"2017-06-09T18:29:12","modified_gmt":"2017-06-09T21:29:12","slug":"resumo-novela-o-que-a-vida-me-roubou-1206-jose-luis-e-montserrat-se-casam","status":"publish","type":"post","link":"https:\/\/migracao.redenoticia.com.br\/noticia\/2017\/resumo-novela-o-que-a-vida-me-roubou-1206-jose-luis-e-montserrat-se-casam\/114915","title":{"rendered":"Resumo novela \u201cO Que A Vida Me Roubou\u201d 12\/06: Jos\u00e9 Lu\u00eds e Montserrat se casam"},"content":{"rendered":"<p> <img loading=\"lazy\" decoding=\"async\" src=\"https:\/\/migracao.redenoticia.com.br\/noticia\/imagens\/o-que-a-vida-me-roubou-novela-resumo-sbt-150x112.jpg\" alt=\"\" width=\"150\" height=\"112\" class=\"alignleft size-thumbnail wp-image-105656\" srcset=\"https:\/\/migracao.redenoticia.com.br\/noticia\/imagens\/o-que-a-vida-me-roubou-novela-resumo-sbt-150x112.jpg 150w, https:\/\/migracao.redenoticia.com.br\/noticia\/imagens\/o-que-a-vida-me-roubou-novela-resumo-sbt-265x198.jpg 265w\" sizes=\"auto, (max-width: 150px) 100vw, 150px\" \/><strong><em>Resumo novela \u201cO Que A Vida Me Roubou\u201d 12\/06<\/em><\/strong>: no cap\u00edtulo 096(*) da novela \u201cO Que A Vida Me Roubou\u201d, resumo de segunda-feira, 12 de junho, Jos\u00e9 Lu\u00eds diz a Renato que n\u00e3o vai deixar que ningu\u00e9m o separe de Montserrat. Por sua vez, Renato fala sobre Esmeralda e confessa que a sua rela\u00e7\u00e3o est\u00e1 imposs\u00edvel. Josefina e Adolfo encontram-se num restaurante e ele tenta aproximar-se dela. Pedro e Jos\u00e9 Lu\u00eds encontram-se na rua e trocam acusa\u00e7\u00f5es. Laurinho e Vit\u00f3ria tamb\u00e9m est\u00e3o presentes. O filho de Montserrat mostra uma fotografia do seu pai falecido a Vit\u00f3ria e ele reconhece-o como o seu tio Alessandro. Fab\u00edola procura Montserrat e acaba por sujar o vestido de casamento dela com um copo de vinho.  Carlota sugere a Montserrat que use o vestido do seu primeiro casamento. Ros\u00e1rio aconselha-a a cancelar a cerim\u00f4nia. J\u00e1 na igreja, Jos\u00e9 Lu\u00eds v\u00ea Monserrat a subir ao altar e lembra-se que aquele \u00e9 o vestido que ela usou no casamento com Alessandro. Fab\u00edola vai a casa de Graziela e amea\u00e7a-a com uma arma. Ao chegar a \u00c1gua Azul, Alessandro v\u00ea Laurinho a correr para os bra\u00e7os de Jos\u00e9 Lu\u00eds e a cham\u00e1-lo de pai. N\u00e1dia consegue falar com Vit\u00f3ria, mas a filha mostra-se revoltada. No casamento, o capit\u00e3o Robledo congratula Jos\u00e9 Lu\u00eds pelo seu novo posto como chefe de pol\u00edcia.<\/p>\n<p>(*) edi\u00e7\u00e3o do SBT, Novela \u201cO Que A Vida Me Roubou\u201d, sujeito a altera\u00e7\u00e3o de data e conte\u00fado.<\/p>\n<p>Lo que la vida me rob\u00f3 (no Brasil, O Que a Vida Me Roubou) \u00e9 uma telenovela mexicana produzida por Angelli Nesma Medina para Televisa e exibida pelo Canal de las Estrellas entre 28 de outubro de 2013 e 27 de julho de 2014 em 196 cap\u00edtulos, substituindo La tempestad e sendo substitu\u00edda por Hasta el fin del mundo. A original \u00e9 de Caridad Bravo Adams, sendo esta um remake modernizado das novelas Bodas de odio e Amor real, produzidas em 1983 e 2003, respectivamente. Tem Angelique Boyer, Sebasti\u00e1n Rulli, Luis Roberto Guzm\u00e1n, Daniela Castro, Grettell Vald\u00e9z, Sergio Sendel e Lisset nos papeis principais.<\/p>\n","protected":false},"excerpt":{"rendered":"<p>Resumo novela \u201cO Que A Vida Me Roubou\u201d 12\/06: no cap\u00edtulo 096(*) da novela \u201cO Que A Vida Me Roubou\u201d, resumo de segunda-feira, 12 de junho, Jos\u00e9 Lu\u00eds diz a Renato que n\u00e3o vai deixar que ningu\u00e9m o separe de Montserrat. Por sua vez, Renato fala sobre Esmeralda e confessa que a sua rela\u00e7\u00e3o est\u00e1 [&hellip;]<\/p>\n","protected":false},"author":2,"featured_media":105656,"comment_status":"open","ping_status":"closed","sticky":false,"template":"","format":"standard","meta":{"tdm_status":"","tdm_grid_status":"","footnotes":""},"categories":[379,372,343],"tags":[441],"class_list":{"0":"post-114915","1":"post","2":"type-post","3":"status-publish","4":"format-standard","5":"has-post-thumbnail","7":"category-novelas","8":"category-sbt","9":"category-televisao","10":"tag-resumo-do-dia"},"_links":{"self":[{"href":"https:\/\/migracao.redenoticia.com.br\/noticia\/wp-json\/wp\/v2\/posts\/114915","targetHints":{"allow":["GET"]}}],"collection":[{"href":"https:\/\/migracao.redenoticia.com.br\/noticia\/wp-json\/wp\/v2\/posts"}],"about":[{"href":"https:\/\/migracao.redenoticia.com.br\/noticia\/wp-json\/wp\/v2\/types\/post"}],"author":[{"embeddable":true,"href":"https:\/\/migracao.redenoticia.com.br\/noticia\/wp-json\/wp\/v2\/users\/2"}],"replies":[{"embeddable":true,"href":"https:\/\/migracao.redenoticia.com.br\/noticia\/wp-json\/wp\/v2\/comments?post=114915"}],"version-history":[{"count":0,"href":"https:\/\/migracao.redenoticia.com.br\/noticia\/wp-json\/wp\/v2\/posts\/114915\/revisions"}],"wp:featuredmedia":[{"embeddable":true,"href":"https:\/\/migracao.redenoticia.com.br\/noticia\/wp-json\/wp\/v2\/media\/105656"}],"wp:attachment":[{"href":"https:\/\/migracao.redenoticia.com.br\/noticia\/wp-json\/wp\/v2\/media?parent=114915"}],"wp:term":[{"taxonomy":"category","embeddable":true,"href":"https:\/\/migracao.redenoticia.com.br\/noticia\/wp-json\/wp\/v2\/categories?post=114915"},{"taxonomy":"post_tag","embeddable":true,"href":"https:\/\/migracao.redenoticia.com.br\/noticia\/wp-json\/wp\/v2\/tags?post=114915"}],"curies":[{"name":"wp","href":"https:\/\/api.w.org\/{rel}","templated":true}]}}