{"id":114917,"date":"2017-06-10T00:07:19","date_gmt":"2017-06-10T03:07:19","guid":{"rendered":"https:\/\/www.redenoticia.com.br\/noticia\/?p=114917"},"modified":"2017-06-09T18:32:28","modified_gmt":"2017-06-09T21:32:28","slug":"resumo-novela-chiquititas-1206-jose-ricardo-e-atormentado-por-miguel","status":"publish","type":"post","link":"https:\/\/migracao.redenoticia.com.br\/noticia\/2017\/resumo-novela-chiquititas-1206-jose-ricardo-e-atormentado-por-miguel\/114917","title":{"rendered":"Resumo novela \u201cChiquititas\u201d 12\/06: Jos\u00e9 Ricardo \u00e9 atormentado por Miguel"},"content":{"rendered":"<p> <img loading=\"lazy\" decoding=\"async\" class=\"alignleft size-thumbnail wp-image-49690\" src=\"https:\/\/migracao.redenoticia.com.br\/noticia\/imagens\/chiquititas1-150x112.jpg\" alt=\"chiquititas\" width=\"150\" height=\"112\" \/><strong><em>Resumo novela \u201cChiquititas\u201d 12\/06<\/em><\/strong>: no cap\u00edtulo 195(*) da novela \u201cChiquititas\u201d, resumo de segunda-feira, 12 de junho, Tom\u00e1s Ferraz, que na verdade \u00e9 Tobias, vai at\u00e9 o Caf\u00e9 Boutique e pergunta como Beto est\u00e1. Armado aparece e diz que Maria Cec\u00edlia ir\u00e1 se casar com Junior. Cintia vai ao Caf\u00e9 Boutique e conversa com Armando no elevador. Ela diz que n\u00e3o quer mais v\u00ea-lo de papo com Carmen. Armando quase lhe beija, mas ela mant\u00e9m a postura. Os dois mant\u00eam um caso. Ambos saem do elevador discutindo e d\u00e3o de cara com Jos\u00e9 Ricardo, que exige explica\u00e7\u00e3o sobre a discuss\u00e3o. <\/p>\n<p>Cintia diz que viu Armando maltratar um funcion\u00e1rio. Jos\u00e9 Ricardo chama a aten\u00e7\u00e3o dele e diz pra Cintia que n\u00e3o consegue ficar bravo com ela. No orfanato, come\u00e7a a partida de futebol de meninos contra meninas. Maria Cec\u00edlia tenta conversar com Tobias, que est\u00e1 vestido de Tom\u00e1s Ferraz. Eles acabam discutindo e Tobias vai embora do Caf\u00e9. O falso cantor portugu\u00eas esbarra em Junior na sa\u00edda, grita com ele e diz que Tobias n\u00e3o existe, apenas o Tom\u00e1s. Tobias ainda garante que o casamento entre Junior e Maria Cec\u00edlia \u00e9 um grande erro, pois eles n\u00e3o se amam. Os meninos perdem o primeiro tempo da partida de futebol para as meninas (2X1). <\/p>\n<p>Miguel continua aparecendo para Jos\u00e9 Ricardo e desaparecendo, o que lhe deixa pensativo e preocupado. Jos\u00e9 Ricardo diz para Carmen que acha que est\u00e1 vendo coisas e que est\u00e1 sendo atormentado por Miguel. Carmen diz que tamb\u00e9m ouviu a voz de Miguel lhe chamando no orfanato. Os dois decidem falar com Valentina. O jogo fica empatado em 3\u00d73 at\u00e9 que as meninas fazem o \u00faltimo gol nos instantes finais e vencem a partida. Os meninos ter\u00e3o que pagar a aposta, que \u00e9 fazer todas as vontades das meninas.<\/p>\n<p>(*) edi\u00e7\u00e3o do SBT, Novela \u201cChiquititas\u201d, sujeito a altera\u00e7\u00e3o de data e conte\u00fado.<\/p>\n<p>Chiquititas gira em torno do orfanato Raio de Luz, que carrega em sua hist\u00f3ria um grande segredo envolvendo a fam\u00edlia e o dono do orfanato, Dr. Jos\u00e9 Ricardo Almeida Campos. Em um per\u00edodo anterior \u00e0 novela, exatos treze anos, sua filha Gabriela se apaixonou e ficou gr\u00e1vida de Miguel, filho de Valentina, empregada da casa dos Almeida Campos. Pouco depois, Jos\u00e9 Ricardo sequestrou sua neta, pois, como um homem conservador, ele n\u00e3o aceitava a ideia de que sua filha se envolvesse com um empregado. Como sua neta, Milena, apelidada como Mili, precisava de um lugar para morar, ele comprou um casar\u00e3o e fundou um orfanato, o Raio de Luz. Mili cresceu l\u00e1 com outras garotas que chegaram posteriormente: Bia, Ana, as irm\u00e3s Tati e Vivi, e Cris. Ao decorrer dos anos, elas se tornam uma fam\u00edlia. Elas s\u00e3o supervisionadas por Ernestina, zeladora do orfanato, e Chico, o cozinheiro amado pelas internas. Sofia, ex-governanta da fam\u00edlia Almeida Campos, \u00e9 a diretora do lugar, at\u00e9 que Carmem, irm\u00e3 de Jos\u00e9 Ricardo, entre em seu lugar. Chegam ainda mais \u00f3rf\u00e3os: Pata, Mosca, Binho e Rafa, que viviam nas ruas antes de entrarem na institui\u00e7\u00e3o. Pata e Mili tornam-se amigas rapidamente, enquanto Mosca, Binho e Rafa s\u00e3o os primeiros garotos a entrar no abrigo. As crian\u00e7as sem-teto foram ajudadas por uma doce e bela garota que tocam e mudam a vida delas, assim como as das garotas \u00f3rf\u00e3s.<\/p>\n","protected":false},"excerpt":{"rendered":"<p>Resumo novela \u201cChiquititas\u201d 12\/06: no cap\u00edtulo 195(*) da novela \u201cChiquititas\u201d, resumo de segunda-feira, 12 de junho, Tom\u00e1s Ferraz, que na verdade \u00e9 Tobias, vai at\u00e9 o Caf\u00e9 Boutique e pergunta como Beto est\u00e1. Armado aparece e diz que Maria Cec\u00edlia ir\u00e1 se casar com Junior. Cintia vai ao Caf\u00e9 Boutique e conversa com Armando no [&hellip;]<\/p>\n","protected":false},"author":2,"featured_media":49690,"comment_status":"open","ping_status":"closed","sticky":false,"template":"","format":"standard","meta":{"tdm_status":"","tdm_grid_status":"","footnotes":""},"categories":[409,379,372,343],"tags":[441],"class_list":{"0":"post-114917","1":"post","2":"type-post","3":"status-publish","4":"format-standard","5":"has-post-thumbnail","7":"category-chiquititas","8":"category-novelas","9":"category-sbt","10":"category-televisao","11":"tag-resumo-do-dia"},"_links":{"self":[{"href":"https:\/\/migracao.redenoticia.com.br\/noticia\/wp-json\/wp\/v2\/posts\/114917","targetHints":{"allow":["GET"]}}],"collection":[{"href":"https:\/\/migracao.redenoticia.com.br\/noticia\/wp-json\/wp\/v2\/posts"}],"about":[{"href":"https:\/\/migracao.redenoticia.com.br\/noticia\/wp-json\/wp\/v2\/types\/post"}],"author":[{"embeddable":true,"href":"https:\/\/migracao.redenoticia.com.br\/noticia\/wp-json\/wp\/v2\/users\/2"}],"replies":[{"embeddable":true,"href":"https:\/\/migracao.redenoticia.com.br\/noticia\/wp-json\/wp\/v2\/comments?post=114917"}],"version-history":[{"count":0,"href":"https:\/\/migracao.redenoticia.com.br\/noticia\/wp-json\/wp\/v2\/posts\/114917\/revisions"}],"wp:featuredmedia":[{"embeddable":true,"href":"https:\/\/migracao.redenoticia.com.br\/noticia\/wp-json\/wp\/v2\/media\/49690"}],"wp:attachment":[{"href":"https:\/\/migracao.redenoticia.com.br\/noticia\/wp-json\/wp\/v2\/media?parent=114917"}],"wp:term":[{"taxonomy":"category","embeddable":true,"href":"https:\/\/migracao.redenoticia.com.br\/noticia\/wp-json\/wp\/v2\/categories?post=114917"},{"taxonomy":"post_tag","embeddable":true,"href":"https:\/\/migracao.redenoticia.com.br\/noticia\/wp-json\/wp\/v2\/tags?post=114917"}],"curies":[{"name":"wp","href":"https:\/\/api.w.org\/{rel}","templated":true}]}}