{"id":114918,"date":"2017-06-10T00:06:42","date_gmt":"2017-06-10T03:06:42","guid":{"rendered":"https:\/\/www.redenoticia.com.br\/noticia\/?p=114918"},"modified":"2017-06-09T18:31:01","modified_gmt":"2017-06-09T21:31:01","slug":"resumo-novela-carinha-de-anjo-1206-dulce-mente-que-vitor-sofreu-acidente","status":"publish","type":"post","link":"https:\/\/migracao.redenoticia.com.br\/noticia\/2017\/resumo-novela-carinha-de-anjo-1206-dulce-mente-que-vitor-sofreu-acidente\/114918","title":{"rendered":"Resumo novela \u201cCarinha de Anjo\u201d 12\/06: Dulce mente que Vitor sofreu acidente"},"content":{"rendered":"<p> <img loading=\"lazy\" decoding=\"async\" class=\"alignleft size-thumbnail wp-image-99331\" src=\"https:\/\/migracao.redenoticia.com.br\/noticia\/imagens\/carinha_de_anjo_sbt_novela_resumo_capitulo-150x112.jpg\" alt=\"carinha_de_anjo_sbt_novela_resumo_capitulo\" width=\"150\" height=\"112\" srcset=\"https:\/\/migracao.redenoticia.com.br\/noticia\/imagens\/carinha_de_anjo_sbt_novela_resumo_capitulo-150x112.jpg 150w, https:\/\/migracao.redenoticia.com.br\/noticia\/imagens\/carinha_de_anjo_sbt_novela_resumo_capitulo-265x198.jpg 265w\" sizes=\"auto, (max-width: 150px) 100vw, 150px\" \/><strong><em>Resumo novela \u201cCarinha de Anjo\u201d 12\/06<\/em><\/strong>: no cap\u00edtulo 146(*) da novela \u201cCarinha de Anjo\u201d, resumo de segunda-feira, 12 de junho, Dulce mostra uma corneta para as amigas no col\u00e9gio e diz que ligar\u00e1 para a Tia Perucas com intuito de contar uma mentira do bem. A carinha de anjo quer dizer para a tia que Vitor se acidentou, assim ela ficar\u00e1 preocupada e perdoar\u00e1 o chef de cozinha. Frida conta para B\u00e1rbara que Em\u00edlio e Juju estavam no pesqueiro aonde ela foi no final de semana. A menina disse ainda que seu irm\u00e3o \u00e9 mais temperamental que ela mesma e que contou para Juju que foram elas duas quem falaram sobre o namoro de Juju com Zeca. <\/p>\n<p>Fl\u00e1vio diz para Nicole que Selene entrou em contato com ele e disse que nenhum dinheiro faria ela desistir de Vitor. O mentiroso inventa ainda que Selene devolveu o colar (que na verdade \u00e9 falso). Nicole acredita na hist\u00f3ria do irm\u00e3o de que isso pode ser algo bom, pois assim Estef\u00e2nia poder\u00e1 ir para a Europa. A megera presenteia Fl\u00e1vio com o colar, sem saber que a joia \u00e9 uma r\u00e9plica. No quarto, Fabiana diz para Cec\u00edlia durante uma conversa sobre Gustavo: \u201cIsso s\u00f3 aconteceu porque voc\u00eas dois desistiram (Gustavo ficar noivo de Nicole). Ele se afastou porque n\u00e3o queria que voc\u00ea fosse transferida e voc\u00ea desistiu porque n\u00e3o se valoriza como mulher. Tem medo da concorr\u00eancia. Pronto, agora durma com um barulho desse\u201c. <\/p>\n<p>Enquanto isso, Dulce Maria vai com suas amigas at\u00e9 a sala da Madre Superiora durante a noite para fazer o telefonema. A garota, com a voz modificada pela corneta, diz que Vitor sofreu um s\u00e9rio acidente de moto e que ela deveria ir para casa do chef de cozinha. Estef\u00e2nia sai desesperada at\u00e9 o local indicado. A tia Perucas fica irritada ao ver Vitor bem e lhe acusa de ter planejado um trote. Dulce sonha com Tereza e entrega para a m\u00e3e uma caixa de chocolate com flores. \u201cEu nasci para juntar os casais\u201d, diz a pequenina. Dulce Maria revela o que fez para as novi\u00e7as Cec\u00edlia e Fabiana. Vitor vai at\u00e9 a casa de Estef\u00e2nia e diz que as acusa\u00e7\u00f5es dela foram absurdas na noite anterior e que ele nunca passaria um trote. A tia Perucas \u00e9 intolerante e manda ele sumir.<\/p>\n<p>(*) edi\u00e7\u00e3o do SBT, Novela \u201cCarinha de Anjo\u201d, sujeito a altera\u00e7\u00e3o de data e conte\u00fado.<\/p>\n<p>Carinha de Anjo \u00e9 uma telenovela brasileira produzida e exibida originalmente pelo SBT desde o dia 21 de novembro de 2016, substituindo o hor\u00e1rio anteriormente ocupado por C\u00famplices de um Resgate. A telenovela \u00e9 inspirada na mexicana Carita de \u00e1ngel, que, por sua vez, \u00e9 um remake de Mundo de juguete, ambas produzidas pela Televisa e que haviam sido baseadas na trama argentina escrita por Abel Santa Cruz, Pap\u00e1 coraz\u00f3n. Esta ser\u00e1 a segunda adapta\u00e7\u00e3o brasileira da obra original argentina, visto que a Rede Tupi apresentou em 1976 a sua primeira vers\u00e3o, chamada de Papai Cora\u00e7\u00e3o. A nova vers\u00e3o \u00e9 escrita por Leonor Corr\u00eaa, com supervis\u00e3o de \u00cdris Abravanel e dire\u00e7\u00e3o geral de Ricardo Mantoanelli. A trama conta com Lorena Queiroz, Bia Arantes, Carlo Porto, Priscila Sol, Dani Gondim, Karin Hils, Eliana Guttman e Lucero nos pap\u00e9is principais.<\/p>\n","protected":false},"excerpt":{"rendered":"<p>Resumo novela \u201cCarinha de Anjo\u201d 12\/06: no cap\u00edtulo 146(*) da novela \u201cCarinha de Anjo\u201d, resumo de segunda-feira, 12 de junho, Dulce mostra uma corneta para as amigas no col\u00e9gio e diz que ligar\u00e1 para a Tia Perucas com intuito de contar uma mentira do bem. A carinha de anjo quer dizer para a tia que [&hellip;]<\/p>\n","protected":false},"author":2,"featured_media":99331,"comment_status":"open","ping_status":"closed","sticky":false,"template":"","format":"standard","meta":{"tdm_status":"","tdm_grid_status":"","footnotes":""},"categories":[452,379,372,343],"tags":[441],"class_list":{"0":"post-114918","1":"post","2":"type-post","3":"status-publish","4":"format-standard","5":"has-post-thumbnail","7":"category-carinha-de-anjo","8":"category-novelas","9":"category-sbt","10":"category-televisao","11":"tag-resumo-do-dia"},"_links":{"self":[{"href":"https:\/\/migracao.redenoticia.com.br\/noticia\/wp-json\/wp\/v2\/posts\/114918","targetHints":{"allow":["GET"]}}],"collection":[{"href":"https:\/\/migracao.redenoticia.com.br\/noticia\/wp-json\/wp\/v2\/posts"}],"about":[{"href":"https:\/\/migracao.redenoticia.com.br\/noticia\/wp-json\/wp\/v2\/types\/post"}],"author":[{"embeddable":true,"href":"https:\/\/migracao.redenoticia.com.br\/noticia\/wp-json\/wp\/v2\/users\/2"}],"replies":[{"embeddable":true,"href":"https:\/\/migracao.redenoticia.com.br\/noticia\/wp-json\/wp\/v2\/comments?post=114918"}],"version-history":[{"count":0,"href":"https:\/\/migracao.redenoticia.com.br\/noticia\/wp-json\/wp\/v2\/posts\/114918\/revisions"}],"wp:featuredmedia":[{"embeddable":true,"href":"https:\/\/migracao.redenoticia.com.br\/noticia\/wp-json\/wp\/v2\/media\/99331"}],"wp:attachment":[{"href":"https:\/\/migracao.redenoticia.com.br\/noticia\/wp-json\/wp\/v2\/media?parent=114918"}],"wp:term":[{"taxonomy":"category","embeddable":true,"href":"https:\/\/migracao.redenoticia.com.br\/noticia\/wp-json\/wp\/v2\/categories?post=114918"},{"taxonomy":"post_tag","embeddable":true,"href":"https:\/\/migracao.redenoticia.com.br\/noticia\/wp-json\/wp\/v2\/tags?post=114918"}],"curies":[{"name":"wp","href":"https:\/\/api.w.org\/{rel}","templated":true}]}}