{"id":114925,"date":"2017-06-10T16:18:02","date_gmt":"2017-06-10T19:18:02","guid":{"rendered":"https:\/\/www.redenoticia.com.br\/noticia\/?p=114925"},"modified":"2017-06-10T16:18:09","modified_gmt":"2017-06-10T19:18:09","slug":"resumo-novela-novo-mundo-1206-thomas-tenta-intimidar-anna","status":"publish","type":"post","link":"https:\/\/migracao.redenoticia.com.br\/noticia\/2017\/resumo-novela-novo-mundo-1206-thomas-tenta-intimidar-anna\/114925","title":{"rendered":"Resumo novela \u201cNovo Mundo\u201d 12\/06: Thomas tenta intimidar Anna"},"content":{"rendered":"<p> <img loading=\"lazy\" decoding=\"async\" class=\"alignleft size-thumbnail wp-image-107950\" src=\"https:\/\/migracao.redenoticia.com.br\/noticia\/imagens\/novo_mundo_novela_resumo_globo-150x112.jpg\" alt=\"\" width=\"150\" height=\"112\" srcset=\"https:\/\/migracao.redenoticia.com.br\/noticia\/imagens\/novo_mundo_novela_resumo_globo-150x112.jpg 150w, https:\/\/migracao.redenoticia.com.br\/noticia\/imagens\/novo_mundo_novela_resumo_globo-265x198.jpg 265w\" sizes=\"auto, (max-width: 150px) 100vw, 150px\" \/><strong><em>Resumo novela \u201cNovo Mundo\u201d 12\/06<\/em><\/strong>: no cap\u00edtulo 071(*) da novela \u201cNovo Mundo\u201d, resumo de segunda-feira, 12 de junho, Thomas atira contra Joaquim e Anna pede ajuda a Elvira. Bonif\u00e1cio fica incomodado com a presen\u00e7a de Narcisa. Domitila encontra Thomas em seu quarto e tenta convenc\u00ea-lo a desistir de Anna. Ferdinando se despede de todos na tribo e leva uma carta de Piat\u00e3 para a irm\u00e3. Peter cuida de Joaquim. Licurgo e Germana se espantam com a felicidade de Hugo durante o trabalho. Piat\u00e3 n\u00e3o aceita reatar com Jacira. Dom Pedro afirma a Bonif\u00e1cio que Joaquim forjou a carta contra Domitila. Escravos fogem sem cumprir com o plano de Diara e Wolfgang, que se desesperam. Thomas tenta intimidar Anna.<\/p>\n<p>(*) edi\u00e7\u00e3o da Rede Globo, Novela \u201cNovo Mundo\u201d, sujeito a altera\u00e7\u00e3o de data e conte\u00fado.<\/p>\n<p>Novo Mundo \u00e9 uma telenovela brasileira produzida pela Rede Globo. Escrita por Thereza Falc\u00e3o e Alessandro Marson, conta com dire\u00e7\u00e3o art\u00edstica de Vin\u00edcius Coimbra. Conta com as participa\u00e7\u00f5es de Isabelle Drummond, Chay Suede, Caio Castro, Let\u00edcia Colin, Leo Jaime, D\u00e9bora Olivieri, Rodrigo Simas, Giullia Buscacio, Vivianne Pasmanter, Guilherme Piva, R\u00f4mulo Estrela, Agatha Moreira, Luisa Micheletti, Gabriel Braga Nunes, e Ingrid Guimar\u00e3es.<\/p>\n","protected":false},"excerpt":{"rendered":"<p>Resumo novela \u201cNovo Mundo\u201d 12\/06: no cap\u00edtulo 071(*) da novela \u201cNovo Mundo\u201d, resumo de segunda-feira, 12 de junho, Thomas atira contra Joaquim e Anna pede ajuda a Elvira. Bonif\u00e1cio fica incomodado com a presen\u00e7a de Narcisa. Domitila encontra Thomas em seu quarto e tenta convenc\u00ea-lo a desistir de Anna. Ferdinando se despede de todos na [&hellip;]<\/p>\n","protected":false},"author":2,"featured_media":107950,"comment_status":"open","ping_status":"closed","sticky":false,"template":"","format":"standard","meta":{"tdm_status":"","tdm_grid_status":"","footnotes":""},"categories":[379,375,343],"tags":[441],"class_list":{"0":"post-114925","1":"post","2":"type-post","3":"status-publish","4":"format-standard","5":"has-post-thumbnail","7":"category-novelas","8":"category-rede-globo","9":"category-televisao","10":"tag-resumo-do-dia"},"_links":{"self":[{"href":"https:\/\/migracao.redenoticia.com.br\/noticia\/wp-json\/wp\/v2\/posts\/114925","targetHints":{"allow":["GET"]}}],"collection":[{"href":"https:\/\/migracao.redenoticia.com.br\/noticia\/wp-json\/wp\/v2\/posts"}],"about":[{"href":"https:\/\/migracao.redenoticia.com.br\/noticia\/wp-json\/wp\/v2\/types\/post"}],"author":[{"embeddable":true,"href":"https:\/\/migracao.redenoticia.com.br\/noticia\/wp-json\/wp\/v2\/users\/2"}],"replies":[{"embeddable":true,"href":"https:\/\/migracao.redenoticia.com.br\/noticia\/wp-json\/wp\/v2\/comments?post=114925"}],"version-history":[{"count":0,"href":"https:\/\/migracao.redenoticia.com.br\/noticia\/wp-json\/wp\/v2\/posts\/114925\/revisions"}],"wp:featuredmedia":[{"embeddable":true,"href":"https:\/\/migracao.redenoticia.com.br\/noticia\/wp-json\/wp\/v2\/media\/107950"}],"wp:attachment":[{"href":"https:\/\/migracao.redenoticia.com.br\/noticia\/wp-json\/wp\/v2\/media?parent=114925"}],"wp:term":[{"taxonomy":"category","embeddable":true,"href":"https:\/\/migracao.redenoticia.com.br\/noticia\/wp-json\/wp\/v2\/categories?post=114925"},{"taxonomy":"post_tag","embeddable":true,"href":"https:\/\/migracao.redenoticia.com.br\/noticia\/wp-json\/wp\/v2\/tags?post=114925"}],"curies":[{"name":"wp","href":"https:\/\/api.w.org\/{rel}","templated":true}]}}