{"id":114946,"date":"2017-06-16T16:40:54","date_gmt":"2017-06-16T19:40:54","guid":{"rendered":"https:\/\/www.redenoticia.com.br\/noticia\/?p=114946"},"modified":"2017-06-16T15:58:33","modified_gmt":"2017-06-16T18:58:33","slug":"novela-ribeirao-do-tempo-resumo-1906-ari-anuncia-a-saida-do-partido","status":"publish","type":"post","link":"https:\/\/migracao.redenoticia.com.br\/noticia\/2017\/novela-ribeirao-do-tempo-resumo-1906-ari-anuncia-a-saida-do-partido\/114946","title":{"rendered":"Novela \u201cRibeir\u00e3o do Tempo\u201d resumo 19\/06: Ari anuncia a sa\u00edda do partido"},"content":{"rendered":"<p> <img loading=\"lazy\" decoding=\"async\" src=\"https:\/\/migracao.redenoticia.com.br\/noticia\/imagens\/ribeirao_do_tempo_novela_record_resumo-150x112.jpg\" alt=\"\" width=\"150\" height=\"112\" class=\"alignleft size-thumbnail wp-image-108265\" srcset=\"https:\/\/migracao.redenoticia.com.br\/noticia\/imagens\/ribeirao_do_tempo_novela_record_resumo-150x112.jpg 150w, https:\/\/migracao.redenoticia.com.br\/noticia\/imagens\/ribeirao_do_tempo_novela_record_resumo-265x198.jpg 265w\" sizes=\"auto, (max-width: 150px) 100vw, 150px\" \/><strong><em>Novela \u201cRibeir\u00e3o do Tempo\u201d resumo 19\/06<\/em><\/strong>: no capitulo 075 (*) da novela \u201cRibeir\u00e3o do Tempo\u201d, segunda-feira, 19 de junho, ap\u00f3s acordar com Fil\u00f3 que o casamento vai durar de seis a oito meses, Tito aceita a proposta. Filomena pede para Tito n\u00e3o revelar a ningu\u00e9m o trato que eles fizeram. Ari conta a Ajuricaba e a alguns correligion\u00e1rios que foi para a oposi\u00e7\u00e3o. Larissa vai falar com Nicolau no instante em que ele e L\u00edlian est\u00e3o se beijando e fica constrangida. Virg\u00ednia avisa a Ari que o senador quer a presen\u00e7a dele na reuni\u00e3o que vai convocar. Tito fala para Karina que precisa levar um papo s\u00e9rio com ela. Nasinho aguarda Tito impaciente. Tito liga para Clor\u00eds e avisa que n\u00e3o vai vender a pousada. Nasinho disfar\u00e7a a raiva que sente ao saber que o aventureiro n\u00e3o aceitou a proposta de Nicolau. Fil\u00f3 conta a Ellen e a Carmem que Tito a pediu em casamento. Tito fala para Karina que vai se casar com Filomena. Karina fica perplexa. Diana convida Guilherme para conhecer o solar mesmo sem a autoriza\u00e7\u00e3o de Arminda, que est\u00e1 em reuni\u00e3o. Guilherme fica encantado com a mans\u00e3o. Quer\u00eancio conta a Marisa que vai mesmo se candidatar a prefeito de Ribeir\u00e3o. Tito liga para Filomena e diz que est\u00e1 tudo certo.<\/p>\n<p>Nicolau anuncia ao partido que sugere Quer\u00eancio como candidato \u00e0 prefeitura de Ribeir\u00e3o. Todos ficam pasmos e Ari fica em estado de choque. Quer\u00eancio explica para Marisa que confia no professor Flores. Marisa afirma que h\u00e1 algo de estranho na hist\u00f3ria. Nicolau fala para todos que Quer\u00eancio deixou claro que quer usar sua fortuna para o bem do povo. Tito vai at\u00e9 a boate conversar com Quer\u00eancio. Nicolau diz a Ari que ele deve se candidatar a deputado e ressalta que o apoio popular a Quer\u00eancio \u00e9 quase uma unanimidade. Furioso, Ari anuncia que est\u00e1 saindo do partido. Ajuricaba se pronuncia a favor de Ari. Ari vai embora e Ajuricaba vai atr\u00e1s. Descontrolada, Karina chora e diz a C\u00e9lia que n\u00e3o tem a menor l\u00f3gica acreditar que Filomena pode ter seduzido Tito. Tito pede a m\u00e3o de Filomena em casamento para Quer\u00eancio. Marisa pergunta a Filomena se ela tem certeza de que quer se casar. <\/p>\n<p>Quer\u00eancio e Filomena combinam de conversar antes de tomar a decis\u00e3o final. Fil\u00f3 pede para Tito n\u00e3o trat\u00e1-la como uma boboca que est\u00e1 sendo levada na conversa. Marisa fala para Quer\u00eancio que Tito pode estar interessado na fortuna que ele herdou. Arminda entra no quarto de Diana e v\u00ea a menina e Guilherme deitados na cama conversando. Arminda briga com Diana e diz que ela a desobedeceu. Ajuricaba chega em casa acompanhado de Ari e cumprimenta S\u00e9rgio rapidamente. Preocupada, Beatriz diz a Nicolau que se pergunta se \u00c9rico n\u00e3o tinha raz\u00e3o quando pediu que ele renunciasse ao mandato. Fil\u00f3 conta a Romeu e Sancha que vai se casar. Tito revela a Clor\u00eds que vai se casar com Filomena e que ela vai ser sua avalista. Arminda deixa claro para Diana que ela deve dar satisfa\u00e7\u00e3o de tudo o que fizer. Nicolau conta a Lincon que Quer\u00eancio vai se candidatar a prefeito. S\u00e9rgio fala para Andr\u00e9 e S\u00f4nia que vai parar de ajud\u00e1-los antes do anivers\u00e1rio do delegado. Nasinho fala para Nicolau que Tito n\u00e3o aceitou a proposta.<\/p>\n<p>(*) edi\u00e7\u00e3o da Rede Record, Novela \u201cRibeir\u00e3o do Tempo\u201d, sujeito a altera\u00e7\u00e3o de data e conte\u00fado.<\/p>\n","protected":false},"excerpt":{"rendered":"<p>Novela \u201cRibeir\u00e3o do Tempo\u201d resumo 19\/06: no capitulo 075 (*) da novela \u201cRibeir\u00e3o do Tempo\u201d, segunda-feira, 19 de junho, ap\u00f3s acordar com Fil\u00f3 que o casamento vai durar de seis a oito meses, Tito aceita a proposta. Filomena pede para Tito n\u00e3o revelar a ningu\u00e9m o trato que eles fizeram. Ari conta a Ajuricaba e [&hellip;]<\/p>\n","protected":false},"author":2,"featured_media":108265,"comment_status":"open","ping_status":"closed","sticky":false,"template":"","format":"standard","meta":{"tdm_status":"","tdm_grid_status":"","footnotes":""},"categories":[379,371,343],"tags":[441],"class_list":{"0":"post-114946","1":"post","2":"type-post","3":"status-publish","4":"format-standard","5":"has-post-thumbnail","7":"category-novelas","8":"category-rede-record","9":"category-televisao","10":"tag-resumo-do-dia"},"_links":{"self":[{"href":"https:\/\/migracao.redenoticia.com.br\/noticia\/wp-json\/wp\/v2\/posts\/114946","targetHints":{"allow":["GET"]}}],"collection":[{"href":"https:\/\/migracao.redenoticia.com.br\/noticia\/wp-json\/wp\/v2\/posts"}],"about":[{"href":"https:\/\/migracao.redenoticia.com.br\/noticia\/wp-json\/wp\/v2\/types\/post"}],"author":[{"embeddable":true,"href":"https:\/\/migracao.redenoticia.com.br\/noticia\/wp-json\/wp\/v2\/users\/2"}],"replies":[{"embeddable":true,"href":"https:\/\/migracao.redenoticia.com.br\/noticia\/wp-json\/wp\/v2\/comments?post=114946"}],"version-history":[{"count":0,"href":"https:\/\/migracao.redenoticia.com.br\/noticia\/wp-json\/wp\/v2\/posts\/114946\/revisions"}],"wp:featuredmedia":[{"embeddable":true,"href":"https:\/\/migracao.redenoticia.com.br\/noticia\/wp-json\/wp\/v2\/media\/108265"}],"wp:attachment":[{"href":"https:\/\/migracao.redenoticia.com.br\/noticia\/wp-json\/wp\/v2\/media?parent=114946"}],"wp:term":[{"taxonomy":"category","embeddable":true,"href":"https:\/\/migracao.redenoticia.com.br\/noticia\/wp-json\/wp\/v2\/categories?post=114946"},{"taxonomy":"post_tag","embeddable":true,"href":"https:\/\/migracao.redenoticia.com.br\/noticia\/wp-json\/wp\/v2\/tags?post=114946"}],"curies":[{"name":"wp","href":"https:\/\/api.w.org\/{rel}","templated":true}]}}