{"id":114985,"date":"2017-06-12T00:07:35","date_gmt":"2017-06-12T03:07:35","guid":{"rendered":"https:\/\/www.redenoticia.com.br\/noticia\/?p=114985"},"modified":"2017-06-11T19:19:47","modified_gmt":"2017-06-11T22:19:47","slug":"inscricoes-para-o-vestibular-das-fatecs-vao-ate-quarta-feira-14","status":"publish","type":"post","link":"https:\/\/migracao.redenoticia.com.br\/noticia\/2017\/inscricoes-para-o-vestibular-das-fatecs-vao-ate-quarta-feira-14\/114985","title":{"rendered":"Inscri\u00e7\u00f5es para o vestibular das Fatecs v\u00e3o at\u00e9 quarta-feira (14)"},"content":{"rendered":"<p> As inscri\u00e7\u00f5es para o <strong><em>vestibular\u00a0das Faculdades de Tecnologia<\/em><\/strong> (Fatecs) do Estado de S\u00e3o Paulo termina \u00e0s 15 horas da pr\u00f3xima quarta-feira, dia 14 de junho. Ser\u00e3o mais de 15 mil vagas \u2013 esse n\u00famero inclui as 960 vagas para a modalidade a dist\u00e2ncia \u2013, distribu\u00eddas entre os 73 cursos gratuitos de gradua\u00e7\u00e3o tecnol\u00f3gica. O exame ser\u00e1 no domingo, 2 de julho.<\/p>\n<p>Para concorrer a uma das vagas do Vestibular, o candidato deve ter conclu\u00eddo ou estar cursando o Ensino M\u00e9dio ou equivalente, desde que no ato da matr\u00edcula comprove a conclus\u00e3o do curso.<\/p>\n<p>Para se inscrever no processo seletivo, exclusivamente pelo site\u00a0, \u00e9 necess\u00e1rio preencher a ficha de inscri\u00e7\u00e3o e o question\u00e1rio socioecon\u00f4mico, imprimir o boleto e pagar a taxa no valor de R$ 75 (em dinheiro) em qualquer ag\u00eancia banc\u00e1ria.<\/p>\n<p>O Manual do Candidato, que traz datas, normas e orienta\u00e7\u00f5es para o processo seletivo, est\u00e1 dispon\u00edvel no\u00a0\u00a0para\u00a0download\u00a0gratuito.<\/p>\n<p>Novidades<\/p>\n<p>\u2013\u00a0As futuras Fatecs de Araraquara e Araras passam a integrar o processo seletivo, oferecendo 40 vagas, \u00e0 noite, para os cursos de Gest\u00e3o Comercial e Sistemas para Internet, respectivamente.<\/p>\n<p>\u2013\u00a0Cinco Fatecs v\u00e3o implantar novos cursos:<br \/>\nFatec Jaboticabal\u00a0\u2013 Gest\u00e3o Ambiental (40 vagas, \u00e0 noite);<br \/>\nFatec Jales\u00a0\u2013 An\u00e1lise e Desenvolvimento de Sistemas (40 vagas, de manh\u00e3);<br \/>\nFatecs Pindamonhangaba\u00a0e\u00a0Ribeir\u00e3o Preto\u00a0\u2013 Gest\u00e3o de Neg\u00f3cios e Inova\u00e7\u00e3o (40 vagas, \u00e0 noite);<br \/>\nFatec Sert\u00e3ozinho\u00a0\u2013 Mecatr\u00f4nica Industrial (40 vagas, de manh\u00e3).<\/p>\n<p>Para obter mais\u00a0informa\u00e7\u00f5es, entre em contato pelos telefones (11) 3471-4103 (Capital e Grande S\u00e3o Paulo) e 0800-596 9696 (demais localidades) ou pela\u00a0.<\/p>\n<p>Do Portal do Governo SP<\/p>\n","protected":false},"excerpt":{"rendered":"<p>As inscri\u00e7\u00f5es para o vestibular\u00a0das Faculdades de Tecnologia (Fatecs) do Estado de S\u00e3o Paulo termina \u00e0s 15 horas da pr\u00f3xima quarta-feira, dia 14 de junho. Ser\u00e3o mais de 15 mil vagas \u2013 esse n\u00famero inclui as 960 vagas para a modalidade a dist\u00e2ncia \u2013, distribu\u00eddas entre os 73 cursos gratuitos de gradua\u00e7\u00e3o tecnol\u00f3gica. O exame [&hellip;]<\/p>\n","protected":false},"author":2,"featured_media":36244,"comment_status":"open","ping_status":"closed","sticky":false,"template":"","format":"standard","meta":{"tdm_status":"","tdm_grid_status":"","footnotes":""},"categories":[22,370,295],"tags":[],"class_list":{"0":"post-114985","1":"post","2":"type-post","3":"status-publish","4":"format-standard","5":"has-post-thumbnail","7":"category-brasil","8":"category-inscricao","9":"category-vestibular"},"_links":{"self":[{"href":"https:\/\/migracao.redenoticia.com.br\/noticia\/wp-json\/wp\/v2\/posts\/114985","targetHints":{"allow":["GET"]}}],"collection":[{"href":"https:\/\/migracao.redenoticia.com.br\/noticia\/wp-json\/wp\/v2\/posts"}],"about":[{"href":"https:\/\/migracao.redenoticia.com.br\/noticia\/wp-json\/wp\/v2\/types\/post"}],"author":[{"embeddable":true,"href":"https:\/\/migracao.redenoticia.com.br\/noticia\/wp-json\/wp\/v2\/users\/2"}],"replies":[{"embeddable":true,"href":"https:\/\/migracao.redenoticia.com.br\/noticia\/wp-json\/wp\/v2\/comments?post=114985"}],"version-history":[{"count":0,"href":"https:\/\/migracao.redenoticia.com.br\/noticia\/wp-json\/wp\/v2\/posts\/114985\/revisions"}],"wp:featuredmedia":[{"embeddable":true,"href":"https:\/\/migracao.redenoticia.com.br\/noticia\/wp-json\/wp\/v2\/media\/36244"}],"wp:attachment":[{"href":"https:\/\/migracao.redenoticia.com.br\/noticia\/wp-json\/wp\/v2\/media?parent=114985"}],"wp:term":[{"taxonomy":"category","embeddable":true,"href":"https:\/\/migracao.redenoticia.com.br\/noticia\/wp-json\/wp\/v2\/categories?post=114985"},{"taxonomy":"post_tag","embeddable":true,"href":"https:\/\/migracao.redenoticia.com.br\/noticia\/wp-json\/wp\/v2\/tags?post=114985"}],"curies":[{"name":"wp","href":"https:\/\/api.w.org\/{rel}","templated":true}]}}