{"id":114987,"date":"2017-06-12T00:08:49","date_gmt":"2017-06-12T03:08:49","guid":{"rendered":"https:\/\/www.redenoticia.com.br\/noticia\/?p=114987"},"modified":"2017-06-11T19:20:50","modified_gmt":"2017-06-11T22:20:50","slug":"hospital-do-servidor-inaugura-maior-centro-do-pais-dedicado-ao-idoso","status":"publish","type":"post","link":"https:\/\/migracao.redenoticia.com.br\/noticia\/2017\/hospital-do-servidor-inaugura-maior-centro-do-pais-dedicado-ao-idoso\/114987","title":{"rendered":"Hospital do Servidor inaugura maior centro do pa\u00eds dedicado ao idoso"},"content":{"rendered":"<p> O governador Geraldo Alckmin inaugurou na sexta-feira (9) o Centro Integralidade do Hospital do Servidor P\u00fablico Estadual (HSPE). O espa\u00e7o tem 5,5 mil m\u00b2 exclusivos para preven\u00e7\u00e3o e promo\u00e7\u00e3o da <strong><em>sa\u00fade do idoso<\/em><\/strong>. Para celebrar a aten\u00e7\u00e3o ao idoso, o governador lembrou a presen\u00e7a da popula\u00e7\u00e3o em meio aos servidores e aposentados do Estado de S\u00e3o Paulo. \u201cN\u00f3s temos 1,2 milh\u00e3o de funcion\u00e1rios p\u00fablicos na ativa e aposentados, dos quais 30% acima dos 60 anos de idade. O hospital \u00e9 uma refer\u00eancia hoje para o atendimento ao idoso\u201d, completou.<\/p>\n<p>A excel\u00eancia no atendimento \u00e0 melhor idade, popula\u00e7\u00e3o que representa 60% dos pacientes internados, fez o HSPE conquistar em 2015 o Selo Inicial \u201cHospital Amigo do Idoso\u201d, do Governo do Estado de S\u00e3o Paulo.<\/p>\n<p>Al\u00e9m do investimento do governo, o espa\u00e7o possui o que h\u00e1 de mais moderno para reabilita\u00e7\u00e3o ortop\u00e9dica e recebeu investimento de R$ 3 milh\u00f5es da Universidade Cidade de S\u00e3o Paulo (Unicid) para a compra de mob\u00edlia e equipamentos.<\/p>\n<p>Est\u00fadio de pilates, piscina para hidroterapia e servi\u00e7o de reabilita\u00e7\u00e3o virtual s\u00e3o destaques na infraestrutura do local. Os equipamentos inaugurados fazem com que o pr\u00e9dio seja um dos maiores centros dedicados ao envelhecimento ativo do Brasil.<\/p>\n<p>O local comporta ainda atividades dedicadas ao idoso em especialidades como Fisioterapia, Terapia Ocupacional F\u00edsica e Neurol\u00f3gica, Medicina do Esporte e o Programa de Aten\u00e7\u00e3o ao Idoso (PAI).<\/p>\n<p>Moderniza\u00e7\u00e3o do HSPE<br \/>\nO Centro Integralidade faz parte do projeto de moderniza\u00e7\u00e3o do Hospital do Servidor. Desde 2013, o Governo do Estado de S\u00e3o Paulo investiu 189 milh\u00f5es de reais em reformas no hospital, que \u00e9 mantido pelo Instituto de Assist\u00eancia M\u00e9dica ao Servidor P\u00fablico Estadual (Iamspe).<\/p>\n<p>Em 2014, foram entregues o novo pronto-socorro e o Centro de Quimioterapia. No ano seguinte, foi a vez de colocar em opera\u00e7\u00e3o o Centro de Diagn\u00f3stico por Imagem. J\u00e1 o Pr\u00e9dio de Utilidades, inaugurado em 2016, abriga a infraestrutura com \u00e1gua, luz, geradores, gases etc.<\/p>\n<p>O Bloco C, com nova torre de elevadores, entrou em opera\u00e7\u00e3o em maio deste ano. Este pr\u00e9dio possui 15 andares para interna\u00e7\u00e3o, 318 leitos, sendo 76 de UTI e Semi-intensiva, e um centro cir\u00fargico com dez salas.<\/p>\n<p>A unidade de Psiquiatria, no 2\u00ba andar, tamb\u00e9m foi inaugurada no \u00faltimo m\u00eas de maio, com 22 leitos, al\u00e9m de uma UTI pr\u00f3pria, com 20 leitos, no 8\u00ba andar.<\/p>\n<p>Do Portal do Governo SP<\/p>\n","protected":false},"excerpt":{"rendered":"<p>O governador Geraldo Alckmin inaugurou na sexta-feira (9) o Centro Integralidade do Hospital do Servidor P\u00fablico Estadual (HSPE). O espa\u00e7o tem 5,5 mil m\u00b2 exclusivos para preven\u00e7\u00e3o e promo\u00e7\u00e3o da sa\u00fade do idoso. Para celebrar a aten\u00e7\u00e3o ao idoso, o governador lembrou a presen\u00e7a da popula\u00e7\u00e3o em meio aos servidores e aposentados do Estado de [&hellip;]<\/p>\n","protected":false},"author":2,"featured_media":57579,"comment_status":"open","ping_status":"closed","sticky":false,"template":"","format":"standard","meta":{"tdm_status":"","tdm_grid_status":"","footnotes":""},"categories":[22,5],"tags":[],"class_list":{"0":"post-114987","1":"post","2":"type-post","3":"status-publish","4":"format-standard","5":"has-post-thumbnail","7":"category-brasil","8":"category-saude-e-vida"},"_links":{"self":[{"href":"https:\/\/migracao.redenoticia.com.br\/noticia\/wp-json\/wp\/v2\/posts\/114987","targetHints":{"allow":["GET"]}}],"collection":[{"href":"https:\/\/migracao.redenoticia.com.br\/noticia\/wp-json\/wp\/v2\/posts"}],"about":[{"href":"https:\/\/migracao.redenoticia.com.br\/noticia\/wp-json\/wp\/v2\/types\/post"}],"author":[{"embeddable":true,"href":"https:\/\/migracao.redenoticia.com.br\/noticia\/wp-json\/wp\/v2\/users\/2"}],"replies":[{"embeddable":true,"href":"https:\/\/migracao.redenoticia.com.br\/noticia\/wp-json\/wp\/v2\/comments?post=114987"}],"version-history":[{"count":0,"href":"https:\/\/migracao.redenoticia.com.br\/noticia\/wp-json\/wp\/v2\/posts\/114987\/revisions"}],"wp:featuredmedia":[{"embeddable":true,"href":"https:\/\/migracao.redenoticia.com.br\/noticia\/wp-json\/wp\/v2\/media\/57579"}],"wp:attachment":[{"href":"https:\/\/migracao.redenoticia.com.br\/noticia\/wp-json\/wp\/v2\/media?parent=114987"}],"wp:term":[{"taxonomy":"category","embeddable":true,"href":"https:\/\/migracao.redenoticia.com.br\/noticia\/wp-json\/wp\/v2\/categories?post=114987"},{"taxonomy":"post_tag","embeddable":true,"href":"https:\/\/migracao.redenoticia.com.br\/noticia\/wp-json\/wp\/v2\/tags?post=114987"}],"curies":[{"name":"wp","href":"https:\/\/api.w.org\/{rel}","templated":true}]}}