{"id":115005,"date":"2017-06-12T16:34:01","date_gmt":"2017-06-12T19:34:01","guid":{"rendered":"https:\/\/www.redenoticia.com.br\/noticia\/?p=115005"},"modified":"2017-06-13T21:47:04","modified_gmt":"2017-06-14T00:47:04","slug":"novela-o-rico-e-lazaro-resumo-1306-lior-pede-para-asher-ter-fe","status":"publish","type":"post","link":"https:\/\/migracao.redenoticia.com.br\/noticia\/2017\/novela-o-rico-e-lazaro-resumo-1306-lior-pede-para-asher-ter-fe\/115005","title":{"rendered":"Novela \u201cO Rico e L\u00e1zaro\u201d resumo 13\/06: Lior pede para Asher ter f\u00e9"},"content":{"rendered":"<p> <img loading=\"lazy\" decoding=\"async\" src=\"https:\/\/migracao.redenoticia.com.br\/noticia\/imagens\/o_rico_e_o_lazaro_resumo_novela_record-150x112.jpg\" alt=\"\" width=\"150\" height=\"112\" class=\"alignleft size-thumbnail wp-image-107948\" srcset=\"https:\/\/migracao.redenoticia.com.br\/noticia\/imagens\/o_rico_e_o_lazaro_resumo_novela_record-150x112.jpg 150w, https:\/\/migracao.redenoticia.com.br\/noticia\/imagens\/o_rico_e_o_lazaro_resumo_novela_record-265x198.jpg 265w\" sizes=\"auto, (max-width: 150px) 100vw, 150px\" \/><strong><em>Novela \u201cO Rico e L\u00e1zaro\u201d resumo 13\/06<\/em><\/strong>: no capitulo 067(*) da novela \u201cO Rico e L\u00e1zaro\u201d, ter\u00e7a-feira, 13 de junho, Zac diz que explicar\u00e1 tudo \u00e0 Zelfa. Lior pede para Asher ter f\u00e9. Fassur janta com a fam\u00edlia de Elga. Nabucodonosor pede um favor a Aspenaz. Edissa diz amar Joaquim. Evil diz que Shamiran n\u00e3o deve confiar em ningu\u00e9m. Shag-Shag pede para Hurzabum tomar cuidado. Sammu finge arrependimento e pede perd\u00e3o a Daniel por ter levado as escravas. Rebeca diz acreditar na inoc\u00eancia de Shag-Shag. Daniel diz que Beroso deve ser o respons\u00e1vel pelo rombo nas contas do pal\u00e1cio. Lia ampara Naomi. Em conversa com Matias, Ebede confessa ter se envolvido com Gadise no passado. <\/p>\n<p>Amitis diz que dar\u00e1 um jeito de receber a pretendente de Joaquim. Aspenaz avisa que o rei jantar\u00e1 na sala do trono. Matias se revolta com Gadise ao saber que ela j\u00e1 foi noiva de Ebede. Nabucodonosor d\u00e1 uma bronca em seus familiares. Shag-Shag conversa com Hurzabum e diz que jamais mataria algu\u00e9m. <\/p>\n<p>Durante o jantar, Evil diz que algu\u00e9m pode estar roubando o pal\u00e1cio. Beroso se engasga ao ouvir a fala do pr\u00edncipe. Evil desconversa. Nabonido bebe demais e passa vergonha. Amitis pede perd\u00e3o ao rei por implicar com Daniel. Fassur fala mal de Joana e Zac o amea\u00e7a.  <\/p>\n<p>(*) edi\u00e7\u00e3o da Rede Record, Novela \u201cO Rico e L\u00e1zaro\u201d, sujeito a altera\u00e7\u00e3o de data e conte\u00fado.<\/p>\n","protected":false},"excerpt":{"rendered":"<p>Novela \u201cO Rico e L\u00e1zaro\u201d resumo 13\/06: no capitulo 067(*) da novela \u201cO Rico e L\u00e1zaro\u201d, ter\u00e7a-feira, 13 de junho, Zac diz que explicar\u00e1 tudo \u00e0 Zelfa. Lior pede para Asher ter f\u00e9. Fassur janta com a fam\u00edlia de Elga. Nabucodonosor pede um favor a Aspenaz. Edissa diz amar Joaquim. Evil diz que Shamiran n\u00e3o [&hellip;]<\/p>\n","protected":false},"author":2,"featured_media":107948,"comment_status":"open","ping_status":"closed","sticky":false,"template":"","format":"standard","meta":{"tdm_status":"","tdm_grid_status":"","footnotes":""},"categories":[379,371,343],"tags":[441],"class_list":{"0":"post-115005","1":"post","2":"type-post","3":"status-publish","4":"format-standard","5":"has-post-thumbnail","7":"category-novelas","8":"category-rede-record","9":"category-televisao","10":"tag-resumo-do-dia"},"_links":{"self":[{"href":"https:\/\/migracao.redenoticia.com.br\/noticia\/wp-json\/wp\/v2\/posts\/115005","targetHints":{"allow":["GET"]}}],"collection":[{"href":"https:\/\/migracao.redenoticia.com.br\/noticia\/wp-json\/wp\/v2\/posts"}],"about":[{"href":"https:\/\/migracao.redenoticia.com.br\/noticia\/wp-json\/wp\/v2\/types\/post"}],"author":[{"embeddable":true,"href":"https:\/\/migracao.redenoticia.com.br\/noticia\/wp-json\/wp\/v2\/users\/2"}],"replies":[{"embeddable":true,"href":"https:\/\/migracao.redenoticia.com.br\/noticia\/wp-json\/wp\/v2\/comments?post=115005"}],"version-history":[{"count":0,"href":"https:\/\/migracao.redenoticia.com.br\/noticia\/wp-json\/wp\/v2\/posts\/115005\/revisions"}],"wp:featuredmedia":[{"embeddable":true,"href":"https:\/\/migracao.redenoticia.com.br\/noticia\/wp-json\/wp\/v2\/media\/107948"}],"wp:attachment":[{"href":"https:\/\/migracao.redenoticia.com.br\/noticia\/wp-json\/wp\/v2\/media?parent=115005"}],"wp:term":[{"taxonomy":"category","embeddable":true,"href":"https:\/\/migracao.redenoticia.com.br\/noticia\/wp-json\/wp\/v2\/categories?post=115005"},{"taxonomy":"post_tag","embeddable":true,"href":"https:\/\/migracao.redenoticia.com.br\/noticia\/wp-json\/wp\/v2\/tags?post=115005"}],"curies":[{"name":"wp","href":"https:\/\/api.w.org\/{rel}","templated":true}]}}