{"id":115021,"date":"2017-06-12T16:22:37","date_gmt":"2017-06-12T19:22:37","guid":{"rendered":"https:\/\/www.redenoticia.com.br\/noticia\/?p=115021"},"modified":"2017-06-12T16:20:30","modified_gmt":"2017-06-12T19:20:30","slug":"resumo-novela-o-que-a-vida-me-roubou-1306-nadia-volta-para-agua-azul","status":"publish","type":"post","link":"https:\/\/migracao.redenoticia.com.br\/noticia\/2017\/resumo-novela-o-que-a-vida-me-roubou-1306-nadia-volta-para-agua-azul\/115021","title":{"rendered":"Resumo novela \u201cO Que A Vida Me Roubou\u201d 13\/06: N\u00e1dia volta para \u00c1gua Azul"},"content":{"rendered":"<p><img loading=\"lazy\" decoding=\"async\" src=\"https:\/\/migracao.redenoticia.com.br\/noticia\/imagens\/o-que-a-vida-me-roubou-novela-resumo-sbt-150x112.jpg\" alt=\"\" width=\"150\" height=\"112\" class=\"alignleft size-thumbnail wp-image-105656\" srcset=\"https:\/\/migracao.redenoticia.com.br\/noticia\/imagens\/o-que-a-vida-me-roubou-novela-resumo-sbt-150x112.jpg 150w, https:\/\/migracao.redenoticia.com.br\/noticia\/imagens\/o-que-a-vida-me-roubou-novela-resumo-sbt-265x198.jpg 265w\" sizes=\"auto, (max-width: 150px) 100vw, 150px\" \/><strong><em>Resumo novela \u201cO Que A Vida Me Roubou\u201d 13\/06<\/em><\/strong>: no cap\u00edtulo 097(*) da novela \u201cO Que A Vida Me Roubou\u201d, resumo de ter\u00e7a-feira, 13 de junho, Am\u00e9lia pede a Pedro que a permita levar a menina \u00e0s compras, mas ele n\u00e3o deixa. Am\u00e9lia insiste, dizendo que a menina precisa de vestidos e tamb\u00e9m de uma boneca. Victor e Alessandro conseguem o dinheiro para documentos falsos e assim poder voltar para a casa. O homem que havia prometido os documentos chega, saca uma navalha e diz que ambos jamais voltar\u00e3o para casa, pois essa \u00e9 a vontade de Pedro Medina. Am\u00e9lia vai atr\u00e1s de Jos\u00e9 Luis para lhe dizer que Nadia est\u00e1 viva e que talvez Alessandro tamb\u00e9m esteja. Jos\u00e9 Luis responde que, vivo ou morto, Alessandro n\u00e3o pode reaparecer assim na vida de Montserrat, como se nada tivesse acontecido. Am\u00e9lia o aconselha a pensar bem no que far\u00e1, pois Montserrat pode saber logo que Alessandro est\u00e1 vivo. Ela ressalta que \u00e9 prov\u00e1vel que N\u00e1dia, quando chegar a \u00c1gua Azul, conte a Montserrat. Montserrat fala com Josefina sobre sua volta e fica zangada por ela ter deixado seu irm\u00e3o justo no momento em que ele finalmente estava se apaixonando por ela, e disposto a tudo. Josefina a responde que precisava de um tempo para ela, e que agora sim est\u00e1 bem e preparada para um amor, que a cure as feridas do passado. Sandro discute com Fabiola porque ela n\u00e3o aceita sentar-se para negociar com Graziela quanto \u00e0 fortuna de Benjamin. Fabiola diz que a fortuna \u00e9 toda sua e n\u00e3o a dividir\u00e1 com ningu\u00e9m. Graziela, zangada, pede a Sandro que a leve a sua casa, amea\u00e7ando comprovar que seu neto \u00e9 um Almonte e tem parte nesse montante. M\u00f4nica pergunta a Renato que ocorreu para que ele tivesse essa atitude com Demetrio, pois ela n\u00e3o quer ser um motivo de desgosto entre eles. Esmeralda ouve Renato a dizer a M\u00f4nica o que sente por ela. Alessandro chega ao hospital, fica feliz ao ver Victor recuperado e pergunta se ele avisou Nadia do ocorrido. Victor o responde que Nadia n\u00e3o estava no apartamento, mas que antes levou sua roupa e uma boneca de Victoria. Ele diz que se preocupou, pois acredita que Pedro a obrigou a ir com ele. Alessandro o pede que se acalme e respire.<\/p>\n<p>(*) edi\u00e7\u00e3o do SBT, Novela \u201cO Que A Vida Me Roubou\u201d, sujeito a altera\u00e7\u00e3o de data e conte\u00fado.<\/p>\n<p>Lo que la vida me rob\u00f3 (no Brasil, O Que a Vida Me Roubou) \u00e9 uma telenovela mexicana produzida por Angelli Nesma Medina para Televisa e exibida pelo Canal de las Estrellas entre 28 de outubro de 2013 e 27 de julho de 2014 em 196 cap\u00edtulos, substituindo La tempestad e sendo substitu\u00edda por Hasta el fin del mundo. A original \u00e9 de Caridad Bravo Adams, sendo esta um remake modernizado das novelas Bodas de odio e Amor real, produzidas em 1983 e 2003, respectivamente. Tem Angelique Boyer, Sebasti\u00e1n Rulli, Luis Roberto Guzm\u00e1n, Daniela Castro, Grettell Vald\u00e9z, Sergio Sendel e Lisset nos papeis principais.<\/p>\n","protected":false},"excerpt":{"rendered":"<p>Resumo novela \u201cO Que A Vida Me Roubou\u201d 13\/06: no cap\u00edtulo 097(*) da novela \u201cO Que A Vida Me Roubou\u201d, resumo de ter\u00e7a-feira, 13 de junho, Am\u00e9lia pede a Pedro que a permita levar a menina \u00e0s compras, mas ele n\u00e3o deixa. Am\u00e9lia insiste, dizendo que a menina precisa de vestidos e tamb\u00e9m de uma [&hellip;]<\/p>\n","protected":false},"author":4,"featured_media":105656,"comment_status":"open","ping_status":"closed","sticky":false,"template":"","format":"standard","meta":{"tdm_status":"","tdm_grid_status":"","footnotes":""},"categories":[379,372,343],"tags":[441],"class_list":{"0":"post-115021","1":"post","2":"type-post","3":"status-publish","4":"format-standard","5":"has-post-thumbnail","7":"category-novelas","8":"category-sbt","9":"category-televisao","10":"tag-resumo-do-dia"},"_links":{"self":[{"href":"https:\/\/migracao.redenoticia.com.br\/noticia\/wp-json\/wp\/v2\/posts\/115021","targetHints":{"allow":["GET"]}}],"collection":[{"href":"https:\/\/migracao.redenoticia.com.br\/noticia\/wp-json\/wp\/v2\/posts"}],"about":[{"href":"https:\/\/migracao.redenoticia.com.br\/noticia\/wp-json\/wp\/v2\/types\/post"}],"author":[{"embeddable":true,"href":"https:\/\/migracao.redenoticia.com.br\/noticia\/wp-json\/wp\/v2\/users\/4"}],"replies":[{"embeddable":true,"href":"https:\/\/migracao.redenoticia.com.br\/noticia\/wp-json\/wp\/v2\/comments?post=115021"}],"version-history":[{"count":0,"href":"https:\/\/migracao.redenoticia.com.br\/noticia\/wp-json\/wp\/v2\/posts\/115021\/revisions"}],"wp:featuredmedia":[{"embeddable":true,"href":"https:\/\/migracao.redenoticia.com.br\/noticia\/wp-json\/wp\/v2\/media\/105656"}],"wp:attachment":[{"href":"https:\/\/migracao.redenoticia.com.br\/noticia\/wp-json\/wp\/v2\/media?parent=115021"}],"wp:term":[{"taxonomy":"category","embeddable":true,"href":"https:\/\/migracao.redenoticia.com.br\/noticia\/wp-json\/wp\/v2\/categories?post=115021"},{"taxonomy":"post_tag","embeddable":true,"href":"https:\/\/migracao.redenoticia.com.br\/noticia\/wp-json\/wp\/v2\/tags?post=115021"}],"curies":[{"name":"wp","href":"https:\/\/api.w.org\/{rel}","templated":true}]}}