{"id":115023,"date":"2017-06-12T11:38:41","date_gmt":"2017-06-12T14:38:41","guid":{"rendered":"https:\/\/www.redenoticia.com.br\/noticia\/?p=115023"},"modified":"2017-06-12T11:38:41","modified_gmt":"2017-06-12T14:38:41","slug":"resumo-novela-carinha-de-anjo-1306-vitor-decide-ir-embora-do-brasil","status":"publish","type":"post","link":"https:\/\/migracao.redenoticia.com.br\/noticia\/2017\/resumo-novela-carinha-de-anjo-1306-vitor-decide-ir-embora-do-brasil\/115023","title":{"rendered":"Resumo novela \u201cCarinha de Anjo\u201d 13\/06: Vitor decide ir embora do Brasil"},"content":{"rendered":"<p><img loading=\"lazy\" decoding=\"async\" class=\"alignleft size-thumbnail wp-image-99331\" src=\"https:\/\/migracao.redenoticia.com.br\/noticia\/imagens\/carinha_de_anjo_sbt_novela_resumo_capitulo-150x112.jpg\" alt=\"carinha_de_anjo_sbt_novela_resumo_capitulo\" width=\"150\" height=\"112\" srcset=\"https:\/\/migracao.redenoticia.com.br\/noticia\/imagens\/carinha_de_anjo_sbt_novela_resumo_capitulo-150x112.jpg 150w, https:\/\/migracao.redenoticia.com.br\/noticia\/imagens\/carinha_de_anjo_sbt_novela_resumo_capitulo-265x198.jpg 265w\" sizes=\"auto, (max-width: 150px) 100vw, 150px\" \/><strong><em>Resumo novela \u201cCarinha de Anjo\u201d 13\/06<\/em><\/strong>: no cap\u00edtulo 147(*) da novela \u201cCarinha de Anjo\u201d, resumo de ter\u00e7a-feira, 13 de junho, Vitor volta para casa e diz para Solange que est\u00e1 decidido a sumir por um tempo para tentar se encontrar. Selene entra sem permiss\u00e3o na casa do chef de cozinha mais uma vez. Vitor diz que ela conseguiu destruir a vida dele mais uma vez e manda ela sumir. A mulher vai embora, mas promete n\u00e3o desistir de Vitor. Cec\u00edlia diz para Dulce Maria que \u00e9 importante ela contar toda a verdade para Estef\u00e2nia sobre o trote. Solange vai at\u00e9 a casa dos L\u00e1rios, diz para Estef\u00e2nia que Vitor decidiu ir embora do Brasil e somente ela pode impedir ele de fazer isso. Estef\u00e2nia responde que n\u00e3o pode fazer nada e Solange alerta que ela est\u00e1 cometendo um grande erro. Cec\u00edlia telefona para Estef\u00e2nia e pede para que v\u00e1 at\u00e9 o col\u00e9gio conversar com Dulce Maria. Nicole diz para Gustavo que ele nunca deve contatar Fl\u00e1vio.<\/p>\n<p>(*) edi\u00e7\u00e3o do SBT, Novela \u201cCarinha de Anjo\u201d, sujeito a altera\u00e7\u00e3o de data e conte\u00fado.<\/p>\n<p>Carinha de Anjo \u00e9 uma telenovela brasileira produzida e exibida originalmente pelo SBT desde o dia 21 de novembro de 2016, substituindo o hor\u00e1rio anteriormente ocupado por C\u00famplices de um Resgate. A telenovela \u00e9 inspirada na mexicana Carita de \u00e1ngel, que, por sua vez, \u00e9 um remake de Mundo de juguete, ambas produzidas pela Televisa e que haviam sido baseadas na trama argentina escrita por Abel Santa Cruz, Pap\u00e1 coraz\u00f3n. Esta ser\u00e1 a segunda adapta\u00e7\u00e3o brasileira da obra original argentina, visto que a Rede Tupi apresentou em 1976 a sua primeira vers\u00e3o, chamada de Papai Cora\u00e7\u00e3o. A nova vers\u00e3o \u00e9 escrita por Leonor Corr\u00eaa, com supervis\u00e3o de \u00cdris Abravanel e dire\u00e7\u00e3o geral de Ricardo Mantoanelli. A trama conta com Lorena Queiroz, Bia Arantes, Carlo Porto, Priscila Sol, Dani Gondim, Karin Hils, Eliana Guttman e Lucero nos pap\u00e9is principais.<\/p>\n","protected":false},"excerpt":{"rendered":"<p>Resumo novela \u201cCarinha de Anjo\u201d 13\/06: no cap\u00edtulo 147(*) da novela \u201cCarinha de Anjo\u201d, resumo de ter\u00e7a-feira, 13 de junho, Vitor volta para casa e diz para Solange que est\u00e1 decidido a sumir por um tempo para tentar se encontrar. Selene entra sem permiss\u00e3o na casa do chef de cozinha mais uma vez. Vitor diz [&hellip;]<\/p>\n","protected":false},"author":4,"featured_media":99331,"comment_status":"open","ping_status":"closed","sticky":false,"template":"","format":"standard","meta":{"tdm_status":"","tdm_grid_status":"","footnotes":""},"categories":[452,379,372,343],"tags":[441],"class_list":{"0":"post-115023","1":"post","2":"type-post","3":"status-publish","4":"format-standard","5":"has-post-thumbnail","7":"category-carinha-de-anjo","8":"category-novelas","9":"category-sbt","10":"category-televisao","11":"tag-resumo-do-dia"},"_links":{"self":[{"href":"https:\/\/migracao.redenoticia.com.br\/noticia\/wp-json\/wp\/v2\/posts\/115023","targetHints":{"allow":["GET"]}}],"collection":[{"href":"https:\/\/migracao.redenoticia.com.br\/noticia\/wp-json\/wp\/v2\/posts"}],"about":[{"href":"https:\/\/migracao.redenoticia.com.br\/noticia\/wp-json\/wp\/v2\/types\/post"}],"author":[{"embeddable":true,"href":"https:\/\/migracao.redenoticia.com.br\/noticia\/wp-json\/wp\/v2\/users\/4"}],"replies":[{"embeddable":true,"href":"https:\/\/migracao.redenoticia.com.br\/noticia\/wp-json\/wp\/v2\/comments?post=115023"}],"version-history":[{"count":0,"href":"https:\/\/migracao.redenoticia.com.br\/noticia\/wp-json\/wp\/v2\/posts\/115023\/revisions"}],"wp:featuredmedia":[{"embeddable":true,"href":"https:\/\/migracao.redenoticia.com.br\/noticia\/wp-json\/wp\/v2\/media\/99331"}],"wp:attachment":[{"href":"https:\/\/migracao.redenoticia.com.br\/noticia\/wp-json\/wp\/v2\/media?parent=115023"}],"wp:term":[{"taxonomy":"category","embeddable":true,"href":"https:\/\/migracao.redenoticia.com.br\/noticia\/wp-json\/wp\/v2\/categories?post=115023"},{"taxonomy":"post_tag","embeddable":true,"href":"https:\/\/migracao.redenoticia.com.br\/noticia\/wp-json\/wp\/v2\/tags?post=115023"}],"curies":[{"name":"wp","href":"https:\/\/api.w.org\/{rel}","templated":true}]}}