{"id":115025,"date":"2017-06-12T16:23:54","date_gmt":"2017-06-12T19:23:54","guid":{"rendered":"https:\/\/www.redenoticia.com.br\/noticia\/?p=115025"},"modified":"2017-06-12T16:20:38","modified_gmt":"2017-06-12T19:20:38","slug":"resumo-novela-chiquititas-1306-jose-ricardo-quer-os-arquivos-das-criancas-na-mansao","status":"publish","type":"post","link":"https:\/\/migracao.redenoticia.com.br\/noticia\/2017\/resumo-novela-chiquititas-1306-jose-ricardo-quer-os-arquivos-das-criancas-na-mansao\/115025","title":{"rendered":"Resumo novela \u201cChiquititas\u201d 13\/06: Jos\u00e9 Ricardo quer os arquivos das crian\u00e7as na mans\u00e3o"},"content":{"rendered":"<p><img loading=\"lazy\" decoding=\"async\" class=\"alignleft size-thumbnail wp-image-49690\" src=\"https:\/\/migracao.redenoticia.com.br\/noticia\/imagens\/chiquititas1-150x112.jpg\" alt=\"chiquititas\" width=\"150\" height=\"112\" \/><strong><em>Resumo novela \u201cChiquititas\u201d 13\/06<\/em><\/strong>: no cap\u00edtulo 196(*) da novela \u201cChiquititas\u201d, resumo de ter\u00e7a-feira, 13 de junho, Junior diz para Maria Cec\u00edlia que acha que o pai, Jos\u00e9 Ricardo, mandou matar Miguel para lhe afastar de Gabriela. Maria Cec\u00edlia diz que n\u00e3o acredita que Jos\u00e9 Ricardo seja capaz disso e pede para o noivo n\u00e3o exagerar. Eduarda transforma o visual de Shirley Santana para o ch\u00e1 de panela do casamento de Maria Cec\u00edlia. Shirley deixa a roupa brega de lado e usa uma linda roupa branca. Os meninos fazem as vontades das chiquititas, como cozinhar com a supervis\u00e3o de Chico. Tudo faz parte da aposta que eles perderam junto com a partida de futebol. Tati e Ana discutem com Dani, que jogou as dobraduras de Maria no ch\u00e3o. Carol tenta fazer com que as pequenas se entendam. O ch\u00e1 de cozinha come\u00e7a e Shirley consegue conversar com as mulheres ricas da festa com os modos ensinados por Eduarda. Jos\u00e9 Ricardo diz para Cintia que quer que os arquivos das crian\u00e7as fiquem na mans\u00e3o dos Almeida Campos e n\u00e3o mais no orfanato. Ele desconfia que Miguel possa querer pega os arquivos, mas n\u00e3o conta isso pra Cintia. Carol diz para Beto que ama Junior, mas n\u00e3o pode revelar isso, pois teme as retalia\u00e7\u00f5es de Jos\u00e9 Ricardo. Durante o ch\u00e1 de cozinha, a m\u00e3e de Eduarda, Regina (Glauce Graieb), aparece e lhe deixa surpresa<\/p>\n<p>(*) edi\u00e7\u00e3o do SBT, Novela \u201cChiquititas\u201d, sujeito a altera\u00e7\u00e3o de data e conte\u00fado.<\/p>\n<p>Chiquititas gira em torno do orfanato Raio de Luz, que carrega em sua hist\u00f3ria um grande segredo envolvendo a fam\u00edlia e o dono do orfanato, Dr. Jos\u00e9 Ricardo Almeida Campos. Em um per\u00edodo anterior \u00e0 novela, exatos treze anos, sua filha Gabriela se apaixonou e ficou gr\u00e1vida de Miguel, filho de Valentina, empregada da casa dos Almeida Campos. Pouco depois, Jos\u00e9 Ricardo sequestrou sua neta, pois, como um homem conservador, ele n\u00e3o aceitava a ideia de que sua filha se envolvesse com um empregado. Como sua neta, Milena, apelidada como Mili, precisava de um lugar para morar, ele comprou um casar\u00e3o e fundou um orfanato, o Raio de Luz. Mili cresceu l\u00e1 com outras garotas que chegaram posteriormente: Bia, Ana, as irm\u00e3s Tati e Vivi, e Cris. Ao decorrer dos anos, elas se tornam uma fam\u00edlia. Elas s\u00e3o supervisionadas por Ernestina, zeladora do orfanato, e Chico, o cozinheiro amado pelas internas. Sofia, ex-governanta da fam\u00edlia Almeida Campos, \u00e9 a diretora do lugar, at\u00e9 que Carmem, irm\u00e3 de Jos\u00e9 Ricardo, entre em seu lugar. Chegam ainda mais \u00f3rf\u00e3os: Pata, Mosca, Binho e Rafa, que viviam nas ruas antes de entrarem na institui\u00e7\u00e3o. Pata e Mili tornam-se amigas rapidamente, enquanto Mosca, Binho e Rafa s\u00e3o os primeiros garotos a entrar no abrigo. As crian\u00e7as sem-teto foram ajudadas por uma doce e bela garota que tocam e mudam a vida delas, assim como as das garotas \u00f3rf\u00e3s.<\/p>\n","protected":false},"excerpt":{"rendered":"<p>Resumo novela \u201cChiquititas\u201d 13\/06: no cap\u00edtulo 196(*) da novela \u201cChiquititas\u201d, resumo de ter\u00e7a-feira, 13 de junho, Junior diz para Maria Cec\u00edlia que acha que o pai, Jos\u00e9 Ricardo, mandou matar Miguel para lhe afastar de Gabriela. Maria Cec\u00edlia diz que n\u00e3o acredita que Jos\u00e9 Ricardo seja capaz disso e pede para o noivo n\u00e3o exagerar. [&hellip;]<\/p>\n","protected":false},"author":4,"featured_media":49690,"comment_status":"open","ping_status":"closed","sticky":false,"template":"","format":"standard","meta":{"tdm_status":"","tdm_grid_status":"","footnotes":""},"categories":[409,379,372,343],"tags":[441],"class_list":{"0":"post-115025","1":"post","2":"type-post","3":"status-publish","4":"format-standard","5":"has-post-thumbnail","7":"category-chiquititas","8":"category-novelas","9":"category-sbt","10":"category-televisao","11":"tag-resumo-do-dia"},"_links":{"self":[{"href":"https:\/\/migracao.redenoticia.com.br\/noticia\/wp-json\/wp\/v2\/posts\/115025","targetHints":{"allow":["GET"]}}],"collection":[{"href":"https:\/\/migracao.redenoticia.com.br\/noticia\/wp-json\/wp\/v2\/posts"}],"about":[{"href":"https:\/\/migracao.redenoticia.com.br\/noticia\/wp-json\/wp\/v2\/types\/post"}],"author":[{"embeddable":true,"href":"https:\/\/migracao.redenoticia.com.br\/noticia\/wp-json\/wp\/v2\/users\/4"}],"replies":[{"embeddable":true,"href":"https:\/\/migracao.redenoticia.com.br\/noticia\/wp-json\/wp\/v2\/comments?post=115025"}],"version-history":[{"count":0,"href":"https:\/\/migracao.redenoticia.com.br\/noticia\/wp-json\/wp\/v2\/posts\/115025\/revisions"}],"wp:featuredmedia":[{"embeddable":true,"href":"https:\/\/migracao.redenoticia.com.br\/noticia\/wp-json\/wp\/v2\/media\/49690"}],"wp:attachment":[{"href":"https:\/\/migracao.redenoticia.com.br\/noticia\/wp-json\/wp\/v2\/media?parent=115025"}],"wp:term":[{"taxonomy":"category","embeddable":true,"href":"https:\/\/migracao.redenoticia.com.br\/noticia\/wp-json\/wp\/v2\/categories?post=115025"},{"taxonomy":"post_tag","embeddable":true,"href":"https:\/\/migracao.redenoticia.com.br\/noticia\/wp-json\/wp\/v2\/tags?post=115025"}],"curies":[{"name":"wp","href":"https:\/\/api.w.org\/{rel}","templated":true}]}}