{"id":115031,"date":"2017-06-12T16:26:32","date_gmt":"2017-06-12T19:26:32","guid":{"rendered":"https:\/\/www.redenoticia.com.br\/noticia\/?p=115031"},"modified":"2017-06-12T16:21:08","modified_gmt":"2017-06-12T19:21:08","slug":"resumo-novela-novo-mundo-1306-tibirica-fala-que-piata-deve-se-tornar-paje","status":"publish","type":"post","link":"https:\/\/migracao.redenoticia.com.br\/noticia\/2017\/resumo-novela-novo-mundo-1306-tibirica-fala-que-piata-deve-se-tornar-paje\/115031","title":{"rendered":"Resumo novela \u201cNovo Mundo\u201d 13\/06: Tibiri\u00e7\u00e1 fala que Piat\u00e3 deve se tornar Paj\u00e9"},"content":{"rendered":"<p><img loading=\"lazy\" decoding=\"async\" class=\"alignleft size-thumbnail wp-image-107950\" src=\"https:\/\/migracao.redenoticia.com.br\/noticia\/imagens\/novo_mundo_novela_resumo_globo-150x112.jpg\" alt=\"\" width=\"150\" height=\"112\" srcset=\"https:\/\/migracao.redenoticia.com.br\/noticia\/imagens\/novo_mundo_novela_resumo_globo-150x112.jpg 150w, https:\/\/migracao.redenoticia.com.br\/noticia\/imagens\/novo_mundo_novela_resumo_globo-265x198.jpg 265w\" sizes=\"auto, (max-width: 150px) 100vw, 150px\" \/><strong><em>Resumo novela \u201cNovo Mundo\u201d 13\/06<\/em><\/strong>: no cap\u00edtulo 072(*) da novela \u201cNovo Mundo\u201d, resumo de ter\u00e7a-feira, 13 de junho, Diara e Wolfgang s\u00e3o surpreendidos por um capataz. Peter conta sobre o estado de Joaquim para Am\u00e1lia. Lib\u00e9rio invade a casa de Sebasti\u00e3o e Cec\u00edlia se desespera. Madre Assun\u00e7\u00e3o e as freiras procuram por Am\u00e1lia pela cidade. Elvira tenta invadir o quarto que Thomas aluga na taberna. Tibiri\u00e7\u00e1 fala que Piat\u00e3 deve se tornar Paj\u00e9. Narcisa orienta Leopoldina a ficar perto de Dom Pedro. Domitila decide ir \u00e0 cerim\u00f4nia do beija-m\u00e3o e Dom Pedro se incomoda. Joaquim fala para Bonif\u00e1cio que acredita que foi Thomas quem disparou contra ele. Elvira enfrenta Thomas.<\/p>\n<p>(*) edi\u00e7\u00e3o da Rede Globo, Novela \u201cNovo Mundo\u201d, sujeito a altera\u00e7\u00e3o de data e conte\u00fado.<\/p>\n<p>Novo Mundo \u00e9 uma telenovela brasileira produzida pela Rede Globo. Escrita por Thereza Falc\u00e3o e Alessandro Marson, conta com dire\u00e7\u00e3o art\u00edstica de Vin\u00edcius Coimbra. Conta com as participa\u00e7\u00f5es de Isabelle Drummond, Chay Suede, Caio Castro, Let\u00edcia Colin, Leo Jaime, D\u00e9bora Olivieri, Rodrigo Simas, Giullia Buscacio, Vivianne Pasmanter, Guilherme Piva, R\u00f4mulo Estrela, Agatha Moreira, Luisa Micheletti, Gabriel Braga Nunes, e Ingrid Guimar\u00e3es.<\/p>\n","protected":false},"excerpt":{"rendered":"<p>Resumo novela \u201cNovo Mundo\u201d 13\/06: no cap\u00edtulo 072(*) da novela \u201cNovo Mundo\u201d, resumo de ter\u00e7a-feira, 13 de junho, Diara e Wolfgang s\u00e3o surpreendidos por um capataz. Peter conta sobre o estado de Joaquim para Am\u00e1lia. Lib\u00e9rio invade a casa de Sebasti\u00e3o e Cec\u00edlia se desespera. Madre Assun\u00e7\u00e3o e as freiras procuram por Am\u00e1lia pela cidade. [&hellip;]<\/p>\n","protected":false},"author":4,"featured_media":107950,"comment_status":"open","ping_status":"closed","sticky":false,"template":"","format":"standard","meta":{"tdm_status":"","tdm_grid_status":"","footnotes":""},"categories":[379,375,343],"tags":[441],"class_list":{"0":"post-115031","1":"post","2":"type-post","3":"status-publish","4":"format-standard","5":"has-post-thumbnail","7":"category-novelas","8":"category-rede-globo","9":"category-televisao","10":"tag-resumo-do-dia"},"_links":{"self":[{"href":"https:\/\/migracao.redenoticia.com.br\/noticia\/wp-json\/wp\/v2\/posts\/115031","targetHints":{"allow":["GET"]}}],"collection":[{"href":"https:\/\/migracao.redenoticia.com.br\/noticia\/wp-json\/wp\/v2\/posts"}],"about":[{"href":"https:\/\/migracao.redenoticia.com.br\/noticia\/wp-json\/wp\/v2\/types\/post"}],"author":[{"embeddable":true,"href":"https:\/\/migracao.redenoticia.com.br\/noticia\/wp-json\/wp\/v2\/users\/4"}],"replies":[{"embeddable":true,"href":"https:\/\/migracao.redenoticia.com.br\/noticia\/wp-json\/wp\/v2\/comments?post=115031"}],"version-history":[{"count":0,"href":"https:\/\/migracao.redenoticia.com.br\/noticia\/wp-json\/wp\/v2\/posts\/115031\/revisions"}],"wp:featuredmedia":[{"embeddable":true,"href":"https:\/\/migracao.redenoticia.com.br\/noticia\/wp-json\/wp\/v2\/media\/107950"}],"wp:attachment":[{"href":"https:\/\/migracao.redenoticia.com.br\/noticia\/wp-json\/wp\/v2\/media?parent=115031"}],"wp:term":[{"taxonomy":"category","embeddable":true,"href":"https:\/\/migracao.redenoticia.com.br\/noticia\/wp-json\/wp\/v2\/categories?post=115031"},{"taxonomy":"post_tag","embeddable":true,"href":"https:\/\/migracao.redenoticia.com.br\/noticia\/wp-json\/wp\/v2\/tags?post=115031"}],"curies":[{"name":"wp","href":"https:\/\/api.w.org\/{rel}","templated":true}]}}