{"id":115039,"date":"2017-06-13T00:04:34","date_gmt":"2017-06-13T03:04:34","guid":{"rendered":"https:\/\/www.redenoticia.com.br\/noticia\/?p=115039"},"modified":"2017-06-12T15:52:11","modified_gmt":"2017-06-12T18:52:11","slug":"gabarito-vestibular-unb-sera-publicado-na-quarta-feira-146","status":"publish","type":"post","link":"https:\/\/migracao.redenoticia.com.br\/noticia\/2017\/gabarito-vestibular-unb-sera-publicado-na-quarta-feira-146\/115039","title":{"rendered":"Gabarito Vestibular UnB ser\u00e1 publicado na quarta-feira (14\/6)"},"content":{"rendered":"<p> O <strong><em>gabarito oficial preliminar do Vestibular UnB<\/em><\/strong> ser\u00e1 publicado na quarta-feira (14\/6), a partir das 19h. Neste fim de semana, os inscritos para o Vestibular de 2017 da Universidade de Bras\u00edlia (UnB) compareceram aos locais de prova organizados pelo Cebraspe para realizar a etapa das provas de conhecimentos e a prova de reda\u00e7\u00e3o em L\u00edngua Portuguesa. A absten\u00e7\u00e3o foi de 8,38% no s\u00e1bado (10\/6) e de 9,42% no domingo (11\/6), do total de 21.139 candidatos que se inscreveram na sele\u00e7\u00e3o.<\/p>\n<p>A tradicional forma de acesso \u00e0 UnB neste ano ofertou 2.105 vagas, para 98 cursos de gradua\u00e7\u00e3o presencial, distribu\u00eddas entre os quatro campi da UnB: Darcy Ribeiro (Plano Piloto), Ceil\u00e2ndia, Gama e Planaltina. A maior concorr\u00eancia ficou com o curso de Medicina: 239,05 inscritos por vaga. Direito (33,83) e Psicologia (32) seguem em segundo e terceiro lugar, todos no campus Darcy Ribeiro.<\/p>\n<p>O Vestibular ocorreu em 22 locais de prova, nas cidades de Bras\u00edlia, Brazl\u00e2ndia, Ceil\u00e2ndia, Gama, Planaltina, Sobradinho e Taguatinga, no Distrito Federal (DF), e tamb\u00e9m em Formosa (GO), Goi\u00e2nia (GO), Valpara\u00edso (GO) e Uberl\u00e2ndia (MG).<\/p>\n<p>PROVAS \u2013 No primeiro dia, os candidatos resolveram quest\u00f5es de L\u00edngua Estrangeira, L\u00edngua Portuguesa e Literaturas de L\u00edngua Portuguesa, Geografia e Hist\u00f3ria, Artes (C\u00eanicas, Visuais e M\u00fasica), Filosofia e Sociologia. No s\u00e1bado, tamb\u00e9m houve a prova de reda\u00e7\u00e3o em L\u00edngua Portuguesa. Neste ano, os participantes deveriam redigir um texto a ser publicado na coluna \u201cOpini\u00e3o\u201d, na edi\u00e7\u00e3o de domingo de um jornal de grande circula\u00e7\u00e3o, come\u00e7ando com a seguinte frase: \u201cEntre o futuro imagin\u00e1rio e o passado idealizado, o presente&#8230;\u201d. J\u00e1 no domingo, houve quest\u00f5es de Biologia, F\u00edsica, Qu\u00edmica e Matem\u00e1tica para serem respondidas.<\/p>\n<p>Em ambos os dias, as avalia\u00e7\u00f5es tiveram 5 horas de dura\u00e7\u00e3o. O Cebraspe mobilizou mais de 1.800 colaboradores no fim de semana para a aplica\u00e7\u00e3o das provas.<\/p>\n<p>CRONOGRAMA \u2013 Os resultados finais dos itens tipo D e da prova de reda\u00e7\u00e3o ser\u00e3o divulgados na data prov\u00e1vel de 11 de julho e, a partir da\u00ed, ser\u00e1 aberta a consulta individual de desempenho do candidato para a realiza\u00e7\u00e3o do Sistema Informatizado de Sele\u00e7\u00e3o para os Cursos de Gradua\u00e7\u00e3o (SISUnB). Entre 13 e 14 de julho, os participantes poder\u00e3o alterar a pr\u00e9-op\u00e7\u00e3o de campus\/curso\/turno, se desejarem. Na data prov\u00e1vel de 17 de julho, ser\u00e1 divulgada a primeira chamada do Vestibular, no site da sele\u00e7\u00e3o, em , e nos campi da UnB.<\/p>\n","protected":false},"excerpt":{"rendered":"<p>O gabarito oficial preliminar do Vestibular UnB ser\u00e1 publicado na quarta-feira (14\/6), a partir das 19h. Neste fim de semana, os inscritos para o Vestibular de 2017 da Universidade de Bras\u00edlia (UnB) compareceram aos locais de prova organizados pelo Cebraspe para realizar a etapa das provas de conhecimentos e a prova de reda\u00e7\u00e3o em L\u00edngua [&hellip;]<\/p>\n","protected":false},"author":2,"featured_media":34896,"comment_status":"open","ping_status":"closed","sticky":false,"template":"","format":"standard","meta":{"tdm_status":"","tdm_grid_status":"","footnotes":""},"categories":[22,370,295],"tags":[],"class_list":{"0":"post-115039","1":"post","2":"type-post","3":"status-publish","4":"format-standard","5":"has-post-thumbnail","7":"category-brasil","8":"category-inscricao","9":"category-vestibular"},"_links":{"self":[{"href":"https:\/\/migracao.redenoticia.com.br\/noticia\/wp-json\/wp\/v2\/posts\/115039","targetHints":{"allow":["GET"]}}],"collection":[{"href":"https:\/\/migracao.redenoticia.com.br\/noticia\/wp-json\/wp\/v2\/posts"}],"about":[{"href":"https:\/\/migracao.redenoticia.com.br\/noticia\/wp-json\/wp\/v2\/types\/post"}],"author":[{"embeddable":true,"href":"https:\/\/migracao.redenoticia.com.br\/noticia\/wp-json\/wp\/v2\/users\/2"}],"replies":[{"embeddable":true,"href":"https:\/\/migracao.redenoticia.com.br\/noticia\/wp-json\/wp\/v2\/comments?post=115039"}],"version-history":[{"count":0,"href":"https:\/\/migracao.redenoticia.com.br\/noticia\/wp-json\/wp\/v2\/posts\/115039\/revisions"}],"wp:featuredmedia":[{"embeddable":true,"href":"https:\/\/migracao.redenoticia.com.br\/noticia\/wp-json\/wp\/v2\/media\/34896"}],"wp:attachment":[{"href":"https:\/\/migracao.redenoticia.com.br\/noticia\/wp-json\/wp\/v2\/media?parent=115039"}],"wp:term":[{"taxonomy":"category","embeddable":true,"href":"https:\/\/migracao.redenoticia.com.br\/noticia\/wp-json\/wp\/v2\/categories?post=115039"},{"taxonomy":"post_tag","embeddable":true,"href":"https:\/\/migracao.redenoticia.com.br\/noticia\/wp-json\/wp\/v2\/tags?post=115039"}],"curies":[{"name":"wp","href":"https:\/\/api.w.org\/{rel}","templated":true}]}}