{"id":115059,"date":"2017-06-13T00:08:18","date_gmt":"2017-06-13T03:08:18","guid":{"rendered":"https:\/\/www.redenoticia.com.br\/noticia\/?p=115059"},"modified":"2017-06-12T15:58:20","modified_gmt":"2017-06-12T18:58:20","slug":"inscricoes-para-o-mediotec-terminam-nesta-quarta","status":"publish","type":"post","link":"https:\/\/migracao.redenoticia.com.br\/noticia\/2017\/inscricoes-para-o-mediotec-terminam-nesta-quarta\/115059","title":{"rendered":"Inscri\u00e7\u00f5es para o MedioTEC terminam nesta quarta"},"content":{"rendered":"<p> Os estudantes do segundo ano do ensino m\u00e9dio das\u00a0escolas estaduais paulista podem se inscrever at\u00e9 quarta-feira (14), para concorrer a uma vaga em um curso t\u00e9cnico do Centro Paula Souza pelo programa\u00a0.A inscri\u00e7\u00e3o \u00e9 gratuita e deve ser feita pela\u00a0. Os candidatos ser\u00e3o selecionados por crit\u00e9rios como renda familiar, nota e frequ\u00eancia nas aulas. Os aprovados receber\u00e3o ainda uma bolsa aux\u00edlio de at\u00e9 R$ 200.\u00a0.<\/p>\n<p>Programa MedioTEC<br \/>\nCom investimento do Minist\u00e9rio da Educa\u00e7\u00e3o (MEC), o programa tem mil vagas abertas em 12 munic\u00edpios paulistas, incluindo a Capital. Os cursos t\u00e9cnicos oferecidos s\u00e3o Administra\u00e7\u00e3o, Agenciamento de Viagem, Contabilidade, Edifica\u00e7\u00f5es, Eventos, Hospedagem, Inform\u00e1tica, Inform\u00e1tica para Internet, Log\u00edstica, Marketing, Minera\u00e7\u00e3o, Multim\u00eddia, Portos, Redes de Computadores, Secretariado e Seguran\u00e7a do Trabalho.<\/p>\n<p>Com dura\u00e7\u00e3o de tr\u00eas semestres, as aulas ser\u00e3o ministradas no per\u00edodo da tarde em Escolas T\u00e9cnicas Estaduais (Etecs) e em escolas da Secretaria da Educa\u00e7\u00e3o (veja a lista abaixo).<\/p>\n<p>A primeira lista de convocados ser\u00e1 divulgada nos dias 10, 11 e 12 de julho. As aulas t\u00eam in\u00edcio previsto para o dia 25 de julho.<\/p>\n<p>Do Portal do Governo SP<\/p>\n","protected":false},"excerpt":{"rendered":"<p>Os estudantes do segundo ano do ensino m\u00e9dio das\u00a0escolas estaduais paulista podem se inscrever at\u00e9 quarta-feira (14), para concorrer a uma vaga em um curso t\u00e9cnico do Centro Paula Souza pelo programa\u00a0.A inscri\u00e7\u00e3o \u00e9 gratuita e deve ser feita pela\u00a0. Os candidatos ser\u00e3o selecionados por crit\u00e9rios como renda familiar, nota e frequ\u00eancia nas aulas. Os [&hellip;]<\/p>\n","protected":false},"author":2,"featured_media":36262,"comment_status":"open","ping_status":"closed","sticky":false,"template":"","format":"standard","meta":{"tdm_status":"","tdm_grid_status":"","footnotes":""},"categories":[22,351,370],"tags":[],"class_list":{"0":"post-115059","1":"post","2":"type-post","3":"status-publish","4":"format-standard","5":"has-post-thumbnail","7":"category-brasil","8":"category-cursos","9":"category-inscricao"},"_links":{"self":[{"href":"https:\/\/migracao.redenoticia.com.br\/noticia\/wp-json\/wp\/v2\/posts\/115059","targetHints":{"allow":["GET"]}}],"collection":[{"href":"https:\/\/migracao.redenoticia.com.br\/noticia\/wp-json\/wp\/v2\/posts"}],"about":[{"href":"https:\/\/migracao.redenoticia.com.br\/noticia\/wp-json\/wp\/v2\/types\/post"}],"author":[{"embeddable":true,"href":"https:\/\/migracao.redenoticia.com.br\/noticia\/wp-json\/wp\/v2\/users\/2"}],"replies":[{"embeddable":true,"href":"https:\/\/migracao.redenoticia.com.br\/noticia\/wp-json\/wp\/v2\/comments?post=115059"}],"version-history":[{"count":0,"href":"https:\/\/migracao.redenoticia.com.br\/noticia\/wp-json\/wp\/v2\/posts\/115059\/revisions"}],"wp:featuredmedia":[{"embeddable":true,"href":"https:\/\/migracao.redenoticia.com.br\/noticia\/wp-json\/wp\/v2\/media\/36262"}],"wp:attachment":[{"href":"https:\/\/migracao.redenoticia.com.br\/noticia\/wp-json\/wp\/v2\/media?parent=115059"}],"wp:term":[{"taxonomy":"category","embeddable":true,"href":"https:\/\/migracao.redenoticia.com.br\/noticia\/wp-json\/wp\/v2\/categories?post=115059"},{"taxonomy":"post_tag","embeddable":true,"href":"https:\/\/migracao.redenoticia.com.br\/noticia\/wp-json\/wp\/v2\/tags?post=115059"}],"curies":[{"name":"wp","href":"https:\/\/api.w.org\/{rel}","templated":true}]}}