{"id":115073,"date":"2017-06-13T16:40:36","date_gmt":"2017-06-13T19:40:36","guid":{"rendered":"https:\/\/www.redenoticia.com.br\/noticia\/?p=115073"},"modified":"2017-06-12T16:07:52","modified_gmt":"2017-06-12T19:07:52","slug":"novela-ribeirao-do-tempo-resumo-1406-filomena-pede-tito-em-casamento","status":"publish","type":"post","link":"https:\/\/migracao.redenoticia.com.br\/noticia\/2017\/novela-ribeirao-do-tempo-resumo-1406-filomena-pede-tito-em-casamento\/115073","title":{"rendered":"Novela \u201cRibeir\u00e3o do Tempo\u201d resumo 14\/06: Filomena pede Tito em casamento"},"content":{"rendered":"<p> <img loading=\"lazy\" decoding=\"async\" src=\"https:\/\/migracao.redenoticia.com.br\/noticia\/imagens\/ribeirao_do_tempo_novela_record_resumo-150x112.jpg\" alt=\"\" width=\"150\" height=\"112\" class=\"alignleft size-thumbnail wp-image-108265\" srcset=\"https:\/\/migracao.redenoticia.com.br\/noticia\/imagens\/ribeirao_do_tempo_novela_record_resumo-150x112.jpg 150w, https:\/\/migracao.redenoticia.com.br\/noticia\/imagens\/ribeirao_do_tempo_novela_record_resumo-265x198.jpg 265w\" sizes=\"auto, (max-width: 150px) 100vw, 150px\" \/><strong><em>Novela \u201cRibeir\u00e3o do Tempo\u201d resumo 14\/06<\/em><\/strong>: no capitulo 072 (*) da novela \u201cRibeir\u00e3o do Tempo\u201d, quarta-feira, 14 de junho, Flores conta a Nicolau que convenceu Quer\u00eancio de que depois da morte do senador \u00c9rico, ele mudou. O professor diz que vai armar um encontro entre ele, Nicolau e o pintor. Quer\u00eancio revela \u00e0 Marisa que est\u00e1 pensando em se candidatar a prefeito de Ribeir\u00e3o e que o professor Flores o apoia. Marisa diz que se isso for mesmo verdade o mundo enlouqueceu de vez. Tito conta a Newton que est\u00e1 aguardando Filomena entrar em contato. <\/p>\n<p>Arminda fala para Filomena que acha arriscada a atitude que ela tomou e a aconselha a n\u00e3o misturar amor com neg\u00f3cios. Ari ensaia um discurso pol\u00edtico. Nicolau diz a Bruno e aos correligion\u00e1rios que na conjuntura atual o partido precisa de Ari como deputado. Nicolau fala que em breve vai propor outro candidato. Fil\u00f3 diz a Quer\u00eancio que vai tomar uma decis\u00e3o importante e precisa saber se ele vai apoi\u00e1-la. O pintor afirma que est\u00e1 do lado da filha. Beatriz confessa a Nicolau que fica aflita ao ver que ele mudou tanto. Ari fica furioso ao saber que Nicolau, realmente, tem outro candidato. <\/p>\n<p>Ari desconfia de que o candidato do senador seja Joca. Quer\u00eancio pergunta para Romeu se ele votaria nele caso ele se candidatasse. Romeu diz que sim. Filomena pergunta a Arminda se h\u00e1 algum problema em convidar Tito para conversar no solar. Virg\u00edlio diz a Iara que assim que Tito vender a pousada eles colocam a m\u00e3o na grana. Iara conta que deu entrada na compra de uma casa para a m\u00e3e dela. Karina fala para Zuleide que Filomena agora a encara. Filomena revela a Tito que as pessoas que consultou acharam loucura arriscar o dinheiro dela dessa forma. Filomena diz a Tito que se ele se casar com ela, ela avaliza o empr\u00e9stimo. Tito diz que precisa pensar e sai do solar atordoado. Tito pergunta ao gerente se o banco aceitaria o aval de uma pessoa.<\/p>\n<p>(*) edi\u00e7\u00e3o da Rede Record, Novela \u201cRibeir\u00e3o do Tempo\u201d, sujeito a altera\u00e7\u00e3o de data e conte\u00fado.<\/p>\n","protected":false},"excerpt":{"rendered":"<p>Novela \u201cRibeir\u00e3o do Tempo\u201d resumo 14\/06: no capitulo 072 (*) da novela \u201cRibeir\u00e3o do Tempo\u201d, quarta-feira, 14 de junho, Flores conta a Nicolau que convenceu Quer\u00eancio de que depois da morte do senador \u00c9rico, ele mudou. O professor diz que vai armar um encontro entre ele, Nicolau e o pintor. Quer\u00eancio revela \u00e0 Marisa que [&hellip;]<\/p>\n","protected":false},"author":2,"featured_media":108265,"comment_status":"open","ping_status":"closed","sticky":false,"template":"","format":"standard","meta":{"tdm_status":"","tdm_grid_status":"","footnotes":""},"categories":[379,371,343],"tags":[441],"class_list":{"0":"post-115073","1":"post","2":"type-post","3":"status-publish","4":"format-standard","5":"has-post-thumbnail","7":"category-novelas","8":"category-rede-record","9":"category-televisao","10":"tag-resumo-do-dia"},"_links":{"self":[{"href":"https:\/\/migracao.redenoticia.com.br\/noticia\/wp-json\/wp\/v2\/posts\/115073","targetHints":{"allow":["GET"]}}],"collection":[{"href":"https:\/\/migracao.redenoticia.com.br\/noticia\/wp-json\/wp\/v2\/posts"}],"about":[{"href":"https:\/\/migracao.redenoticia.com.br\/noticia\/wp-json\/wp\/v2\/types\/post"}],"author":[{"embeddable":true,"href":"https:\/\/migracao.redenoticia.com.br\/noticia\/wp-json\/wp\/v2\/users\/2"}],"replies":[{"embeddable":true,"href":"https:\/\/migracao.redenoticia.com.br\/noticia\/wp-json\/wp\/v2\/comments?post=115073"}],"version-history":[{"count":0,"href":"https:\/\/migracao.redenoticia.com.br\/noticia\/wp-json\/wp\/v2\/posts\/115073\/revisions"}],"wp:featuredmedia":[{"embeddable":true,"href":"https:\/\/migracao.redenoticia.com.br\/noticia\/wp-json\/wp\/v2\/media\/108265"}],"wp:attachment":[{"href":"https:\/\/migracao.redenoticia.com.br\/noticia\/wp-json\/wp\/v2\/media?parent=115073"}],"wp:term":[{"taxonomy":"category","embeddable":true,"href":"https:\/\/migracao.redenoticia.com.br\/noticia\/wp-json\/wp\/v2\/categories?post=115073"},{"taxonomy":"post_tag","embeddable":true,"href":"https:\/\/migracao.redenoticia.com.br\/noticia\/wp-json\/wp\/v2\/tags?post=115073"}],"curies":[{"name":"wp","href":"https:\/\/api.w.org\/{rel}","templated":true}]}}