{"id":115081,"date":"2017-06-13T16:44:05","date_gmt":"2017-06-13T19:44:05","guid":{"rendered":"https:\/\/www.redenoticia.com.br\/noticia\/?p=115081"},"modified":"2017-06-14T21:57:46","modified_gmt":"2017-06-15T00:57:46","slug":"novela-o-rico-e-lazaro-resumo-1406-dalila-e-julgada-pelo-rei","status":"publish","type":"post","link":"https:\/\/migracao.redenoticia.com.br\/noticia\/2017\/novela-o-rico-e-lazaro-resumo-1406-dalila-e-julgada-pelo-rei\/115081","title":{"rendered":"Novela \u201cO Rico e L\u00e1zaro\u201d resumo 14\/06: Dalila \u00e9 julgada pelo rei"},"content":{"rendered":"<p> <img loading=\"lazy\" decoding=\"async\" src=\"https:\/\/migracao.redenoticia.com.br\/noticia\/imagens\/o_rico_e_o_lazaro_resumo_novela_record-150x112.jpg\" alt=\"\" width=\"150\" height=\"112\" class=\"alignleft size-thumbnail wp-image-107948\" srcset=\"https:\/\/migracao.redenoticia.com.br\/noticia\/imagens\/o_rico_e_o_lazaro_resumo_novela_record-150x112.jpg 150w, https:\/\/migracao.redenoticia.com.br\/noticia\/imagens\/o_rico_e_o_lazaro_resumo_novela_record-265x198.jpg 265w\" sizes=\"auto, (max-width: 150px) 100vw, 150px\" \/><strong><em>Novela \u201cO Rico e L\u00e1zaro\u201d resumo 14\/06<\/em><\/strong>: no capitulo 068(*) da novela \u201cO Rico e L\u00e1zaro\u201d, quarta-feira, 14 de junho, Dana diz que Zac est\u00e1 diferente. O noivo de Joana avisa que n\u00e3o permitir\u00e1 que ningu\u00e9m fale mal de sua amada. Fassur d\u00e1 em cima de Elga. Joana estranha o comportamento de Matias. Zac se abre com Zelfa e diz que Asher est\u00e1 vivo. Nabucodonosor v\u00ea um vulto em seu quarto e puxa uma adaga. Amitis acorda e eles percebem que \u00e9 Dalila. Confusa, a mo\u00e7a fica sem entender ao sair do estado de sonambulismo. O rei manda os guardas a prenderem. Amitis pede para o rei ter calma com a mo\u00e7a. <\/p>\n<p>Sadraque pede para Daniel ajudar Dalila. A costureira pede piedade ao rei. Arioque procura Zac. Zelfa encontra com Asher no alojamento de escravos&#8230; Asher olha, emocionado, para Zelfa. Ilana apoia Joana. Zelfa diz que dar\u00e1 um jeito de Asher ver Joana. Dalila \u00e9 julgada pelo rei. Ela diz n\u00e3o saber como foi parar no quarto de Nabucodonosor.<\/p>\n<p>Beroso avisa que ela precisa morrer. Daniel os interrompe e diz ter uma explica\u00e7\u00e3o. Evil comenta com Shamiran sobre o desvio nas contas do pal\u00e1cio. Raquel pede para Evil e Shamiran ajudar Dalila. Zac se explica para Arioque. Ele mente sobre um amuleto que foi roubado de Chaim. Hurzabum segue para o pal\u00e1cio. Absalom segreda a Nicolau que algu\u00e9m ter\u00e1 que pagar pela morte de Chaim. Nabonido n\u00e3o aguenta ouvir Belsazar na aula de m\u00fasica. Daniel e Sadraque falam que Dalila sofre de sonambulismo. Evil pede para o rei n\u00e3o executa-la. Nabucodonosor avisa que Dalila ficar\u00e1 trancada no calabou\u00e7o at\u00e9 provarem que ela \u00e9 son\u00e2mbula. <\/p>\n<p>(*) edi\u00e7\u00e3o da Rede Record, Novela \u201cO Rico e L\u00e1zaro\u201d, sujeito a altera\u00e7\u00e3o de data e conte\u00fado.<\/p>\n","protected":false},"excerpt":{"rendered":"<p>Novela \u201cO Rico e L\u00e1zaro\u201d resumo 14\/06: no capitulo 068(*) da novela \u201cO Rico e L\u00e1zaro\u201d, quarta-feira, 14 de junho, Dana diz que Zac est\u00e1 diferente. O noivo de Joana avisa que n\u00e3o permitir\u00e1 que ningu\u00e9m fale mal de sua amada. Fassur d\u00e1 em cima de Elga. Joana estranha o comportamento de Matias. Zac se [&hellip;]<\/p>\n","protected":false},"author":2,"featured_media":107948,"comment_status":"open","ping_status":"closed","sticky":false,"template":"","format":"standard","meta":{"tdm_status":"","tdm_grid_status":"","footnotes":""},"categories":[379,371,343],"tags":[441],"class_list":{"0":"post-115081","1":"post","2":"type-post","3":"status-publish","4":"format-standard","5":"has-post-thumbnail","7":"category-novelas","8":"category-rede-record","9":"category-televisao","10":"tag-resumo-do-dia"},"_links":{"self":[{"href":"https:\/\/migracao.redenoticia.com.br\/noticia\/wp-json\/wp\/v2\/posts\/115081","targetHints":{"allow":["GET"]}}],"collection":[{"href":"https:\/\/migracao.redenoticia.com.br\/noticia\/wp-json\/wp\/v2\/posts"}],"about":[{"href":"https:\/\/migracao.redenoticia.com.br\/noticia\/wp-json\/wp\/v2\/types\/post"}],"author":[{"embeddable":true,"href":"https:\/\/migracao.redenoticia.com.br\/noticia\/wp-json\/wp\/v2\/users\/2"}],"replies":[{"embeddable":true,"href":"https:\/\/migracao.redenoticia.com.br\/noticia\/wp-json\/wp\/v2\/comments?post=115081"}],"version-history":[{"count":0,"href":"https:\/\/migracao.redenoticia.com.br\/noticia\/wp-json\/wp\/v2\/posts\/115081\/revisions"}],"wp:featuredmedia":[{"embeddable":true,"href":"https:\/\/migracao.redenoticia.com.br\/noticia\/wp-json\/wp\/v2\/media\/107948"}],"wp:attachment":[{"href":"https:\/\/migracao.redenoticia.com.br\/noticia\/wp-json\/wp\/v2\/media?parent=115081"}],"wp:term":[{"taxonomy":"category","embeddable":true,"href":"https:\/\/migracao.redenoticia.com.br\/noticia\/wp-json\/wp\/v2\/categories?post=115081"},{"taxonomy":"post_tag","embeddable":true,"href":"https:\/\/migracao.redenoticia.com.br\/noticia\/wp-json\/wp\/v2\/tags?post=115081"}],"curies":[{"name":"wp","href":"https:\/\/api.w.org\/{rel}","templated":true}]}}