{"id":115102,"date":"2017-06-13T16:32:34","date_gmt":"2017-06-13T19:32:34","guid":{"rendered":"https:\/\/www.redenoticia.com.br\/noticia\/?p=115102"},"modified":"2017-06-13T16:32:34","modified_gmt":"2017-06-13T19:32:34","slug":"resumo-novela-o-que-a-vida-me-roubou-1406-graziela-conhece-vitoria","status":"publish","type":"post","link":"https:\/\/migracao.redenoticia.com.br\/noticia\/2017\/resumo-novela-o-que-a-vida-me-roubou-1406-graziela-conhece-vitoria\/115102","title":{"rendered":"Resumo novela \u201cO Que A Vida Me Roubou\u201d 14\/06: Graziela conhece Vit\u00f3ria"},"content":{"rendered":"<p><img loading=\"lazy\" decoding=\"async\" src=\"https:\/\/migracao.redenoticia.com.br\/noticia\/imagens\/o-que-a-vida-me-roubou-novela-resumo-sbt-150x112.jpg\" alt=\"\" width=\"150\" height=\"112\" class=\"alignleft size-thumbnail wp-image-105656\" srcset=\"https:\/\/migracao.redenoticia.com.br\/noticia\/imagens\/o-que-a-vida-me-roubou-novela-resumo-sbt-150x112.jpg 150w, https:\/\/migracao.redenoticia.com.br\/noticia\/imagens\/o-que-a-vida-me-roubou-novela-resumo-sbt-265x198.jpg 265w\" sizes=\"auto, (max-width: 150px) 100vw, 150px\" \/><strong><em>Resumo novela \u201cO Que A Vida Me Roubou\u201d 14\/06<\/em><\/strong>: no cap\u00edtulo 098(*) da novela \u201cO Que A Vida Me Roubou\u201d, resumo de quarta-feira, 14 de junho, Jose Luis e Graziela falam da chegada de N\u00e1dia e do estado em que se encontra Alessandro. Jos\u00e9 Luis lembra Graziela que n\u00e3o pode deixar Montserrat, pois perderia sua \u201cmesada\u201d mensal, que combinaram tempos atr\u00e1s. Nadia chega \u00e0 \u00c1gua Azul. Pedro a recebe e ela o suplica que ele a deixe ver sua filha. Pedro diz que logo a ver\u00e1, mas antes precisa convenc\u00ea-la de que ele \u00e9 seu \u00fanico e verdadeiro pai. Martin Becker chega para visitar Victor em sua casa e para saber de Nadia e sua filha. Graziela vai atr\u00e1s de Pedro em sua casa e ali conhece Victoria. Graziela se surpreende com a beleza da menina e felicita Pedro. Ambos falam da possibilidade de que Alessandro desperte do coma e do perigo que correm com isso. Pedro diz a Graziela que jamais permitir\u00e1 que Nadia revele esse fato a Montserrat, ainda que pra isso seja necess\u00e1rio usar sua filha. Adolfo leva Maria a uma cl\u00ednica de reabilita\u00e7\u00e3o, para que comece uma terapia. Esmeralda vai a \u201cEscondida\u201d para ver como andam as coisas. Zulema d\u00e1 as boas-vindas. Nadia se lembra dos momentos que passou com Victor e chora, saudosa. Nadia pede a Pedro que a leve com sua filha, pois deseja v\u00ea-la e abra\u00e7\u00e1-la. Pedro d\u00e1 a condi\u00e7\u00e3o de que ela fa\u00e7a Victoria esquecer de Victor e o reconhe\u00e7a como seu pai. Josefina liga para Nadia para lhe perguntar como est\u00e1. Ela come\u00e7a a contar que chegando a \u00c1gua Azul encontrou-se com Montserrat, que acredita que Alessandro est\u00e1 morto. Jos\u00e9 Luis diz a Renato que n\u00e3o permitir\u00e1 que ningu\u00e9m o separe de Montserrat. Renato pergunta o porqu\u00ea disso. Jos\u00e9 apenas responde que o amigo n\u00e3o precisa preocupar-se, pois ele estar\u00e1 bem. Jos\u00e9 Luis pergunta o que ocorreu com Esmeralda. Renato responde que ela anda insuport\u00e1vel ultimamente.<\/p>\n<p>(*) edi\u00e7\u00e3o do SBT, Novela \u201cO Que A Vida Me Roubou\u201d, sujeito a altera\u00e7\u00e3o de data e conte\u00fado.<\/p>\n<p>Lo que la vida me rob\u00f3 (no Brasil, O Que a Vida Me Roubou) \u00e9 uma telenovela mexicana produzida por Angelli Nesma Medina para Televisa e exibida pelo Canal de las Estrellas entre 28 de outubro de 2013 e 27 de julho de 2014 em 196 cap\u00edtulos, substituindo La tempestad e sendo substitu\u00edda por Hasta el fin del mundo. A original \u00e9 de Caridad Bravo Adams, sendo esta um remake modernizado das novelas Bodas de odio e Amor real, produzidas em 1983 e 2003, respectivamente. Tem Angelique Boyer, Sebasti\u00e1n Rulli, Luis Roberto Guzm\u00e1n, Daniela Castro, Grettell Vald\u00e9z, Sergio Sendel e Lisset nos papeis principais.<\/p>\n","protected":false},"excerpt":{"rendered":"<p>Resumo novela \u201cO Que A Vida Me Roubou\u201d 14\/06: no cap\u00edtulo 098(*) da novela \u201cO Que A Vida Me Roubou\u201d, resumo de quarta-feira, 14 de junho, Jose Luis e Graziela falam da chegada de N\u00e1dia e do estado em que se encontra Alessandro. Jos\u00e9 Luis lembra Graziela que n\u00e3o pode deixar Montserrat, pois perderia sua [&hellip;]<\/p>\n","protected":false},"author":4,"featured_media":105656,"comment_status":"open","ping_status":"closed","sticky":false,"template":"","format":"standard","meta":{"tdm_status":"","tdm_grid_status":"","footnotes":""},"categories":[379,372,343],"tags":[441],"class_list":{"0":"post-115102","1":"post","2":"type-post","3":"status-publish","4":"format-standard","5":"has-post-thumbnail","7":"category-novelas","8":"category-sbt","9":"category-televisao","10":"tag-resumo-do-dia"},"_links":{"self":[{"href":"https:\/\/migracao.redenoticia.com.br\/noticia\/wp-json\/wp\/v2\/posts\/115102","targetHints":{"allow":["GET"]}}],"collection":[{"href":"https:\/\/migracao.redenoticia.com.br\/noticia\/wp-json\/wp\/v2\/posts"}],"about":[{"href":"https:\/\/migracao.redenoticia.com.br\/noticia\/wp-json\/wp\/v2\/types\/post"}],"author":[{"embeddable":true,"href":"https:\/\/migracao.redenoticia.com.br\/noticia\/wp-json\/wp\/v2\/users\/4"}],"replies":[{"embeddable":true,"href":"https:\/\/migracao.redenoticia.com.br\/noticia\/wp-json\/wp\/v2\/comments?post=115102"}],"version-history":[{"count":0,"href":"https:\/\/migracao.redenoticia.com.br\/noticia\/wp-json\/wp\/v2\/posts\/115102\/revisions"}],"wp:featuredmedia":[{"embeddable":true,"href":"https:\/\/migracao.redenoticia.com.br\/noticia\/wp-json\/wp\/v2\/media\/105656"}],"wp:attachment":[{"href":"https:\/\/migracao.redenoticia.com.br\/noticia\/wp-json\/wp\/v2\/media?parent=115102"}],"wp:term":[{"taxonomy":"category","embeddable":true,"href":"https:\/\/migracao.redenoticia.com.br\/noticia\/wp-json\/wp\/v2\/categories?post=115102"},{"taxonomy":"post_tag","embeddable":true,"href":"https:\/\/migracao.redenoticia.com.br\/noticia\/wp-json\/wp\/v2\/tags?post=115102"}],"curies":[{"name":"wp","href":"https:\/\/api.w.org\/{rel}","templated":true}]}}