{"id":115105,"date":"2017-06-13T16:33:39","date_gmt":"2017-06-13T19:33:39","guid":{"rendered":"https:\/\/www.redenoticia.com.br\/noticia\/?p=115105"},"modified":"2017-06-13T16:33:39","modified_gmt":"2017-06-13T19:33:39","slug":"resumo-novela-carinha-de-anjo-1406-vitor-manda-selene-embora-de-sua-casa","status":"publish","type":"post","link":"https:\/\/migracao.redenoticia.com.br\/noticia\/2017\/resumo-novela-carinha-de-anjo-1406-vitor-manda-selene-embora-de-sua-casa\/115105","title":{"rendered":"Resumo novela \u201cCarinha de Anjo\u201d 14\/06: V\u00edtor manda Selene embora de sua casa"},"content":{"rendered":"<p><img loading=\"lazy\" decoding=\"async\" class=\"alignleft size-thumbnail wp-image-99331\" src=\"https:\/\/migracao.redenoticia.com.br\/noticia\/imagens\/carinha_de_anjo_sbt_novela_resumo_capitulo-150x112.jpg\" alt=\"carinha_de_anjo_sbt_novela_resumo_capitulo\" width=\"150\" height=\"112\" srcset=\"https:\/\/migracao.redenoticia.com.br\/noticia\/imagens\/carinha_de_anjo_sbt_novela_resumo_capitulo-150x112.jpg 150w, https:\/\/migracao.redenoticia.com.br\/noticia\/imagens\/carinha_de_anjo_sbt_novela_resumo_capitulo-265x198.jpg 265w\" sizes=\"auto, (max-width: 150px) 100vw, 150px\" \/><strong><em>Resumo novela \u201cCarinha de Anjo\u201d 14\/06<\/em><\/strong>: no cap\u00edtulo 148(*) da novela \u201cCarinha de Anjo\u201d, resumo de quarta-feira, 14 de junho, Silvana revela para Fl\u00e1vio que Gustavo pediu para ela entregar o curr\u00edculo para o RH sem nenhuma recomenda\u00e7\u00e3o. A secret\u00e1ria conta ainda que \u00e9 Nicole que n\u00e3o fala bem do irm\u00e3o. Estef\u00e2nia chega ao col\u00e9gio Doce Horizonte. Dulce Maria conta que ligou para a tia no dia anterior com a corneta e revela o que fez. Estef\u00e2nia perdoa Dulce Maria e vai com a menina atr\u00e1s de Vitor para tentar impedir que ele v\u00e1 embora. Miguel defende a irm\u00e3 na escola de coment\u00e1rios preconceituosos que escutou a respeito do namoro de Juju com Zeca. Estef\u00e2nia pede desculpa para Vitor e revela que cometeu a maior injusti\u00e7a de sua vida. O chef perdoa a amada, mas fica triste ao saber que o pedido se limita ao assunto envolvendo a liga\u00e7\u00e3o, ou seja, n\u00e3o significa que os dois reatariam o noivado. Cec\u00edlia diz para Diana que apenas Deus pode fazer ela superar o amor que sente por Gustavo. Selene entra na casa de Vitor sem permiss\u00e3o mais uma vez e se depara com o chef de cozinha conversando com Estef\u00e2nia e Dulce Maria. A mulher provoca e Vitor responde que nunca deixar\u00e1 de amar Estef\u00e2nia e manda Selene embora de sua casa.<\/p>\n<p>(*) edi\u00e7\u00e3o do SBT, Novela \u201cCarinha de Anjo\u201d, sujeito a altera\u00e7\u00e3o de data e conte\u00fado.<\/p>\n<p>Carinha de Anjo \u00e9 uma telenovela brasileira produzida e exibida originalmente pelo SBT desde o dia 21 de novembro de 2016, substituindo o hor\u00e1rio anteriormente ocupado por C\u00famplices de um Resgate. A telenovela \u00e9 inspirada na mexicana Carita de \u00e1ngel, que, por sua vez, \u00e9 um remake de Mundo de juguete, ambas produzidas pela Televisa e que haviam sido baseadas na trama argentina escrita por Abel Santa Cruz, Pap\u00e1 coraz\u00f3n. Esta ser\u00e1 a segunda adapta\u00e7\u00e3o brasileira da obra original argentina, visto que a Rede Tupi apresentou em 1976 a sua primeira vers\u00e3o, chamada de Papai Cora\u00e7\u00e3o. A nova vers\u00e3o \u00e9 escrita por Leonor Corr\u00eaa, com supervis\u00e3o de \u00cdris Abravanel e dire\u00e7\u00e3o geral de Ricardo Mantoanelli. A trama conta com Lorena Queiroz, Bia Arantes, Carlo Porto, Priscila Sol, Dani Gondim, Karin Hils, Eliana Guttman e Lucero nos pap\u00e9is principais.<\/p>\n","protected":false},"excerpt":{"rendered":"<p>Resumo novela \u201cCarinha de Anjo\u201d 14\/06: no cap\u00edtulo 148(*) da novela \u201cCarinha de Anjo\u201d, resumo de quarta-feira, 14 de junho, Silvana revela para Fl\u00e1vio que Gustavo pediu para ela entregar o curr\u00edculo para o RH sem nenhuma recomenda\u00e7\u00e3o. A secret\u00e1ria conta ainda que \u00e9 Nicole que n\u00e3o fala bem do irm\u00e3o. Estef\u00e2nia chega ao col\u00e9gio [&hellip;]<\/p>\n","protected":false},"author":4,"featured_media":99331,"comment_status":"open","ping_status":"closed","sticky":false,"template":"","format":"standard","meta":{"tdm_status":"","tdm_grid_status":"","footnotes":""},"categories":[452,379,372,343],"tags":[441],"class_list":{"0":"post-115105","1":"post","2":"type-post","3":"status-publish","4":"format-standard","5":"has-post-thumbnail","7":"category-carinha-de-anjo","8":"category-novelas","9":"category-sbt","10":"category-televisao","11":"tag-resumo-do-dia"},"_links":{"self":[{"href":"https:\/\/migracao.redenoticia.com.br\/noticia\/wp-json\/wp\/v2\/posts\/115105","targetHints":{"allow":["GET"]}}],"collection":[{"href":"https:\/\/migracao.redenoticia.com.br\/noticia\/wp-json\/wp\/v2\/posts"}],"about":[{"href":"https:\/\/migracao.redenoticia.com.br\/noticia\/wp-json\/wp\/v2\/types\/post"}],"author":[{"embeddable":true,"href":"https:\/\/migracao.redenoticia.com.br\/noticia\/wp-json\/wp\/v2\/users\/4"}],"replies":[{"embeddable":true,"href":"https:\/\/migracao.redenoticia.com.br\/noticia\/wp-json\/wp\/v2\/comments?post=115105"}],"version-history":[{"count":0,"href":"https:\/\/migracao.redenoticia.com.br\/noticia\/wp-json\/wp\/v2\/posts\/115105\/revisions"}],"wp:featuredmedia":[{"embeddable":true,"href":"https:\/\/migracao.redenoticia.com.br\/noticia\/wp-json\/wp\/v2\/media\/99331"}],"wp:attachment":[{"href":"https:\/\/migracao.redenoticia.com.br\/noticia\/wp-json\/wp\/v2\/media?parent=115105"}],"wp:term":[{"taxonomy":"category","embeddable":true,"href":"https:\/\/migracao.redenoticia.com.br\/noticia\/wp-json\/wp\/v2\/categories?post=115105"},{"taxonomy":"post_tag","embeddable":true,"href":"https:\/\/migracao.redenoticia.com.br\/noticia\/wp-json\/wp\/v2\/tags?post=115105"}],"curies":[{"name":"wp","href":"https:\/\/api.w.org\/{rel}","templated":true}]}}