{"id":115109,"date":"2017-06-13T16:34:51","date_gmt":"2017-06-13T19:34:51","guid":{"rendered":"https:\/\/www.redenoticia.com.br\/noticia\/?p=115109"},"modified":"2017-06-13T16:34:51","modified_gmt":"2017-06-13T19:34:51","slug":"resumo-novela-chiquititas-1406-binho-e-thiago-pegam-brunilda-de-matilde","status":"publish","type":"post","link":"https:\/\/migracao.redenoticia.com.br\/noticia\/2017\/resumo-novela-chiquititas-1406-binho-e-thiago-pegam-brunilda-de-matilde\/115109","title":{"rendered":"Resumo novela \u201cChiquititas\u201d 14\/06: Binho e Thiago pegam Brunilda de Matilde"},"content":{"rendered":"<p><img loading=\"lazy\" decoding=\"async\" class=\"alignleft size-thumbnail wp-image-49690\" src=\"https:\/\/migracao.redenoticia.com.br\/noticia\/imagens\/chiquititas1-150x112.jpg\" alt=\"chiquititas\" width=\"150\" height=\"112\" \/><strong><em>Resumo novela \u201cChiquititas\u201d 14\/06<\/em><\/strong>: no cap\u00edtulo 197(*) da novela \u201cChiquititas\u201d, resumo de quarta-feira, 14 de junho, Regina diz para a neta, Maria Cec\u00edlia, n\u00e3o lhe chamar de av\u00f3 devido \u00e0 idade. Ap\u00f3s Junior escutar o pai atender um telefonema e perguntar se era Miguel, ele passa a desconfiar de que o filho de Valentina est\u00e1 vivo. Junior questiona Valentina, que tenta desconversar. A m\u00e3e de Eduarda desmerece os panos de prato que Shirley deu para Maria Cec\u00edlia. Shirley se irrita com jeito que est\u00e1 sendo tratada por Regina e vai embora da festa. Binho e Thiago pegam a aranha de Matilde, Brunilda. Os dois decidem aprontar com as meninas para se vingarem. Armando manda Beto se vestir de CupCake para entregar folhetos do Caf\u00e9 Boutique. Thiago e Binho colocam a aranha no quarto das meninas. Beto n\u00e3o gosta de entregar os folhetos e decide exagerar: ele coloca m\u00fasica alta e come\u00e7a a dan\u00e7ar. Todos param na rua e observam. Junior aparece e encerra o show de Beto vestido de CupCake. Dani se depara com a aranha na escada. A menina grita, trope\u00e7a e rola escada abaixo at\u00e9 desmaiar.<\/p>\n<p>(*) edi\u00e7\u00e3o do SBT, Novela \u201cChiquititas\u201d, sujeito a altera\u00e7\u00e3o de data e conte\u00fado.<\/p>\n<p>Chiquititas gira em torno do orfanato Raio de Luz, que carrega em sua hist\u00f3ria um grande segredo envolvendo a fam\u00edlia e o dono do orfanato, Dr. Jos\u00e9 Ricardo Almeida Campos. Em um per\u00edodo anterior \u00e0 novela, exatos treze anos, sua filha Gabriela se apaixonou e ficou gr\u00e1vida de Miguel, filho de Valentina, empregada da casa dos Almeida Campos. Pouco depois, Jos\u00e9 Ricardo sequestrou sua neta, pois, como um homem conservador, ele n\u00e3o aceitava a ideia de que sua filha se envolvesse com um empregado. Como sua neta, Milena, apelidada como Mili, precisava de um lugar para morar, ele comprou um casar\u00e3o e fundou um orfanato, o Raio de Luz. Mili cresceu l\u00e1 com outras garotas que chegaram posteriormente: Bia, Ana, as irm\u00e3s Tati e Vivi, e Cris. Ao decorrer dos anos, elas se tornam uma fam\u00edlia. Elas s\u00e3o supervisionadas por Ernestina, zeladora do orfanato, e Chico, o cozinheiro amado pelas internas. Sofia, ex-governanta da fam\u00edlia Almeida Campos, \u00e9 a diretora do lugar, at\u00e9 que Carmem, irm\u00e3 de Jos\u00e9 Ricardo, entre em seu lugar. Chegam ainda mais \u00f3rf\u00e3os: Pata, Mosca, Binho e Rafa, que viviam nas ruas antes de entrarem na institui\u00e7\u00e3o. Pata e Mili tornam-se amigas rapidamente, enquanto Mosca, Binho e Rafa s\u00e3o os primeiros garotos a entrar no abrigo. As crian\u00e7as sem-teto foram ajudadas por uma doce e bela garota que tocam e mudam a vida delas, assim como as das garotas \u00f3rf\u00e3s.<\/p>\n","protected":false},"excerpt":{"rendered":"<p>Resumo novela \u201cChiquititas\u201d 14\/06: no cap\u00edtulo 197(*) da novela \u201cChiquititas\u201d, resumo de quarta-feira, 14 de junho, Regina diz para a neta, Maria Cec\u00edlia, n\u00e3o lhe chamar de av\u00f3 devido \u00e0 idade. Ap\u00f3s Junior escutar o pai atender um telefonema e perguntar se era Miguel, ele passa a desconfiar de que o filho de Valentina est\u00e1 [&hellip;]<\/p>\n","protected":false},"author":4,"featured_media":49690,"comment_status":"open","ping_status":"closed","sticky":false,"template":"","format":"standard","meta":{"tdm_status":"","tdm_grid_status":"","footnotes":""},"categories":[409,379,372,343],"tags":[441],"class_list":{"0":"post-115109","1":"post","2":"type-post","3":"status-publish","4":"format-standard","5":"has-post-thumbnail","7":"category-chiquititas","8":"category-novelas","9":"category-sbt","10":"category-televisao","11":"tag-resumo-do-dia"},"_links":{"self":[{"href":"https:\/\/migracao.redenoticia.com.br\/noticia\/wp-json\/wp\/v2\/posts\/115109","targetHints":{"allow":["GET"]}}],"collection":[{"href":"https:\/\/migracao.redenoticia.com.br\/noticia\/wp-json\/wp\/v2\/posts"}],"about":[{"href":"https:\/\/migracao.redenoticia.com.br\/noticia\/wp-json\/wp\/v2\/types\/post"}],"author":[{"embeddable":true,"href":"https:\/\/migracao.redenoticia.com.br\/noticia\/wp-json\/wp\/v2\/users\/4"}],"replies":[{"embeddable":true,"href":"https:\/\/migracao.redenoticia.com.br\/noticia\/wp-json\/wp\/v2\/comments?post=115109"}],"version-history":[{"count":0,"href":"https:\/\/migracao.redenoticia.com.br\/noticia\/wp-json\/wp\/v2\/posts\/115109\/revisions"}],"wp:featuredmedia":[{"embeddable":true,"href":"https:\/\/migracao.redenoticia.com.br\/noticia\/wp-json\/wp\/v2\/media\/49690"}],"wp:attachment":[{"href":"https:\/\/migracao.redenoticia.com.br\/noticia\/wp-json\/wp\/v2\/media?parent=115109"}],"wp:term":[{"taxonomy":"category","embeddable":true,"href":"https:\/\/migracao.redenoticia.com.br\/noticia\/wp-json\/wp\/v2\/categories?post=115109"},{"taxonomy":"post_tag","embeddable":true,"href":"https:\/\/migracao.redenoticia.com.br\/noticia\/wp-json\/wp\/v2\/tags?post=115109"}],"curies":[{"name":"wp","href":"https:\/\/api.w.org\/{rel}","templated":true}]}}