{"id":115170,"date":"2017-06-15T16:40:33","date_gmt":"2017-06-15T19:40:33","guid":{"rendered":"https:\/\/www.redenoticia.com.br\/noticia\/?p=115170"},"modified":"2017-06-16T15:59:30","modified_gmt":"2017-06-16T18:59:30","slug":"novela-ribeirao-do-tempo-resumo-1606-joca-encontra-tito-e-oferece-seus-servicos","status":"publish","type":"post","link":"https:\/\/migracao.redenoticia.com.br\/noticia\/2017\/novela-ribeirao-do-tempo-resumo-1606-joca-encontra-tito-e-oferece-seus-servicos\/115170","title":{"rendered":"Novela \u201cRibeir\u00e3o do Tempo\u201d resumo 16\/06: Joca encontra Tito e oferece seus servi\u00e7os"},"content":{"rendered":"<p> <img loading=\"lazy\" decoding=\"async\" src=\"https:\/\/migracao.redenoticia.com.br\/noticia\/imagens\/ribeirao_do_tempo_novela_record_resumo-150x112.jpg\" alt=\"\" width=\"150\" height=\"112\" class=\"alignleft size-thumbnail wp-image-108265\" srcset=\"https:\/\/migracao.redenoticia.com.br\/noticia\/imagens\/ribeirao_do_tempo_novela_record_resumo-150x112.jpg 150w, https:\/\/migracao.redenoticia.com.br\/noticia\/imagens\/ribeirao_do_tempo_novela_record_resumo-265x198.jpg 265w\" sizes=\"auto, (max-width: 150px) 100vw, 150px\" \/><strong><em>Novela \u201cRibeir\u00e3o do Tempo\u201d resumo 16\/06<\/em><\/strong>: no capitulo 074 (*) da novela \u201cRibeir\u00e3o do Tempo\u201d, sexta-feira, 16 de junho, Arminda diz que vai se casar com Nicolau e pede para Diana n\u00e3o contar a ningu\u00e9m. Mesmo sem saber o que est\u00e1 acontecendo entre Filomena e Tito, Joca aconselha a amiga a seguir seu cora\u00e7\u00e3o. Arminda liga para a casa de Joca e L\u00e9ia diz que vai ver se o detetive pode atender, j\u00e1 que est\u00e1 no quarto com uma mulher. Joca atende o telefone e Arminda o xinga, com ci\u00fames. <\/p>\n<p>Nicolau cumprimenta Quer\u00eancio e diz que \u00e9 um novo homem. O senador explica para o pintor que a miss\u00e3o deles \u00e9 mudar o partido para depois mudar o pa\u00eds. Quer\u00eancio permite que Nicolau anuncie seu nome a candidato \u00e0 prefeitura. Arminda liga para Joca e exige que ele v\u00e1 at\u00e9 o solar. A executiva fala para o detetive que ele deveria estar seguindo Quer\u00eancio. Ela resiste, mas acaba se entregando a Joca.<\/p>\n<p>Joca encontra Tito e lhe oferece seus servi\u00e7os. C\u00e9lia fala para Karina que Tito est\u00e1 querendo se aproximar dela e aconselha a filha a ter calma. Tito fala para Filomena que n\u00e3o pode aceitar a proposta dela, pois n\u00e3o a ama. Filomena luta para n\u00e3o demonstrar sua dor e deixa claro para Tito que n\u00e3o est\u00e1 pedindo para ele se apaixonar por ela. Ela ressalta que n\u00e3o precisa ser para sempre e que o casamento \u00e9 um sonho para ela. <\/p>\n<p>(*) edi\u00e7\u00e3o da Rede Record, Novela \u201cRibeir\u00e3o do Tempo\u201d, sujeito a altera\u00e7\u00e3o de data e conte\u00fado.<\/p>\n","protected":false},"excerpt":{"rendered":"<p>Novela \u201cRibeir\u00e3o do Tempo\u201d resumo 16\/06: no capitulo 074 (*) da novela \u201cRibeir\u00e3o do Tempo\u201d, sexta-feira, 16 de junho, Arminda diz que vai se casar com Nicolau e pede para Diana n\u00e3o contar a ningu\u00e9m. Mesmo sem saber o que est\u00e1 acontecendo entre Filomena e Tito, Joca aconselha a amiga a seguir seu cora\u00e7\u00e3o. Arminda [&hellip;]<\/p>\n","protected":false},"author":2,"featured_media":108265,"comment_status":"open","ping_status":"closed","sticky":false,"template":"","format":"standard","meta":{"tdm_status":"","tdm_grid_status":"","footnotes":""},"categories":[379,371,343],"tags":[441],"class_list":{"0":"post-115170","1":"post","2":"type-post","3":"status-publish","4":"format-standard","5":"has-post-thumbnail","7":"category-novelas","8":"category-rede-record","9":"category-televisao","10":"tag-resumo-do-dia"},"_links":{"self":[{"href":"https:\/\/migracao.redenoticia.com.br\/noticia\/wp-json\/wp\/v2\/posts\/115170","targetHints":{"allow":["GET"]}}],"collection":[{"href":"https:\/\/migracao.redenoticia.com.br\/noticia\/wp-json\/wp\/v2\/posts"}],"about":[{"href":"https:\/\/migracao.redenoticia.com.br\/noticia\/wp-json\/wp\/v2\/types\/post"}],"author":[{"embeddable":true,"href":"https:\/\/migracao.redenoticia.com.br\/noticia\/wp-json\/wp\/v2\/users\/2"}],"replies":[{"embeddable":true,"href":"https:\/\/migracao.redenoticia.com.br\/noticia\/wp-json\/wp\/v2\/comments?post=115170"}],"version-history":[{"count":0,"href":"https:\/\/migracao.redenoticia.com.br\/noticia\/wp-json\/wp\/v2\/posts\/115170\/revisions"}],"wp:featuredmedia":[{"embeddable":true,"href":"https:\/\/migracao.redenoticia.com.br\/noticia\/wp-json\/wp\/v2\/media\/108265"}],"wp:attachment":[{"href":"https:\/\/migracao.redenoticia.com.br\/noticia\/wp-json\/wp\/v2\/media?parent=115170"}],"wp:term":[{"taxonomy":"category","embeddable":true,"href":"https:\/\/migracao.redenoticia.com.br\/noticia\/wp-json\/wp\/v2\/categories?post=115170"},{"taxonomy":"post_tag","embeddable":true,"href":"https:\/\/migracao.redenoticia.com.br\/noticia\/wp-json\/wp\/v2\/tags?post=115170"}],"curies":[{"name":"wp","href":"https:\/\/api.w.org\/{rel}","templated":true}]}}