{"id":115174,"date":"2017-06-15T16:42:46","date_gmt":"2017-06-15T19:42:46","guid":{"rendered":"https:\/\/www.redenoticia.com.br\/noticia\/?p=115174"},"modified":"2017-06-14T14:27:36","modified_gmt":"2017-06-14T17:27:36","slug":"novela-a-escrava-isaura-resumo-1606-leoncio-tranca-malvina-no-quarto","status":"publish","type":"post","link":"https:\/\/migracao.redenoticia.com.br\/noticia\/2017\/novela-a-escrava-isaura-resumo-1606-leoncio-tranca-malvina-no-quarto\/115174","title":{"rendered":"Novela \u201cA Escrava Isaura\u201d resumo 16\/06: Le\u00f4ncio tranca Malvina no quarto"},"content":{"rendered":"<p> <img loading=\"lazy\" decoding=\"async\" class=\"alignleft size-thumbnail wp-image-103446\" src=\"https:\/\/migracao.redenoticia.com.br\/noticia\/imagens\/a_escrava_isaura_record_novela_resumo-150x112.jpg\" alt=\"\" width=\"150\" height=\"112\" srcset=\"https:\/\/migracao.redenoticia.com.br\/noticia\/imagens\/a_escrava_isaura_record_novela_resumo-150x112.jpg 150w, https:\/\/migracao.redenoticia.com.br\/noticia\/imagens\/a_escrava_isaura_record_novela_resumo-265x198.jpg 265w\" sizes=\"auto, (max-width: 150px) 100vw, 150px\" \/><strong><em>Novela \u201cA Escrava Isaura\u201d resumo 16\/06<\/em><\/strong>: no capitulo 115 (*) da novela \u201cA Escrava Isaura\u201d, sexta-feira, 16 de junho, Le\u00f4ncio tranca Malvina no quarto, manda Rosa para o pelourinho e ordena que Francisco acorrente Isaura \u00e0 cama de h\u00f3spedes. Geraldo conta a Tom\u00e1sia que \u00c1lvaro comprou a d\u00edvida de Le\u00f4ncio e foi \u00e0 fazenda. Sebasti\u00e3o preocupa-se com Malvina. \u00c1lvaro chega \u00e0 fazenda e diz a Le\u00f4ncio que a comprou. \u00c1lvaro liberta Isaura e Andr\u00e9. Le\u00f4ncio examina incr\u00e9dulo os pap\u00e9is. Le\u00f4ncio amea\u00e7a matar Malvina e suicidar-se. Francisco trai Le\u00f4ncio. Rosa cuida de Andr\u00e9. \u00c1lvaro e Miguel comemoram. Branca planeja dizer que est\u00e1 gr\u00e1vida de \u00c1lvaro. Le\u00f4ncio pede para morar em casa de Francisco. Rosa pede a \u00c1lvaro para ficar na fazenda cuidando de Andr\u00e9. \u00c1lvaro diz a Rosa que vai consultar Isaura.<\/p>\n<p>(*) edi\u00e7\u00e3o da Rede Record, Novela \u201cA Escrava Isaura\u201d, sujeito a altera\u00e7\u00e3o de data e conte\u00fado.<\/p>\n<p>A Escrava Isaura \u00e9 uma telenovela brasileira produzida pela Rede Record de Televis\u00e3o e exibida entre 18 de outubro de 2004 e 29 de abril de 2005, totalizando 167 cap\u00edtulos, 27 a mais que o originalmente previsto. Escrita por Tiago Santiago, Anamaria Nunes com colabora\u00e7\u00e3o de Altenir Silva e dirigida por Herval Rossano, F\u00e1bio Junqueira, Em\u00edlio Di Biasi e Fl\u00e1vio Colatrello Jr., \u00e9 inspirada no romance hom\u00f4nimo de 1875, escrito por Bernardo Guimar\u00e3es. A obra foi um sucesso logo ap\u00f3s ser publicada, em parte pelo apelo feminino em raz\u00e3o do sentimentalismo do enredo. O livro toca em pontos abolicionistas, que eram controversos na \u00e9poca e \u00e9 considerado um marco na literatura abolicionista brasileira.<\/p>\n","protected":false},"excerpt":{"rendered":"<p>Novela \u201cA Escrava Isaura\u201d resumo 16\/06: no capitulo 115 (*) da novela \u201cA Escrava Isaura\u201d, sexta-feira, 16 de junho, Le\u00f4ncio tranca Malvina no quarto, manda Rosa para o pelourinho e ordena que Francisco acorrente Isaura \u00e0 cama de h\u00f3spedes. Geraldo conta a Tom\u00e1sia que \u00c1lvaro comprou a d\u00edvida de Le\u00f4ncio e foi \u00e0 fazenda. Sebasti\u00e3o [&hellip;]<\/p>\n","protected":false},"author":2,"featured_media":103446,"comment_status":"open","ping_status":"closed","sticky":false,"template":"","format":"standard","meta":{"tdm_status":"","tdm_grid_status":"","footnotes":""},"categories":[379,371,343],"tags":[441],"class_list":{"0":"post-115174","1":"post","2":"type-post","3":"status-publish","4":"format-standard","5":"has-post-thumbnail","7":"category-novelas","8":"category-rede-record","9":"category-televisao","10":"tag-resumo-do-dia"},"_links":{"self":[{"href":"https:\/\/migracao.redenoticia.com.br\/noticia\/wp-json\/wp\/v2\/posts\/115174","targetHints":{"allow":["GET"]}}],"collection":[{"href":"https:\/\/migracao.redenoticia.com.br\/noticia\/wp-json\/wp\/v2\/posts"}],"about":[{"href":"https:\/\/migracao.redenoticia.com.br\/noticia\/wp-json\/wp\/v2\/types\/post"}],"author":[{"embeddable":true,"href":"https:\/\/migracao.redenoticia.com.br\/noticia\/wp-json\/wp\/v2\/users\/2"}],"replies":[{"embeddable":true,"href":"https:\/\/migracao.redenoticia.com.br\/noticia\/wp-json\/wp\/v2\/comments?post=115174"}],"version-history":[{"count":0,"href":"https:\/\/migracao.redenoticia.com.br\/noticia\/wp-json\/wp\/v2\/posts\/115174\/revisions"}],"wp:featuredmedia":[{"embeddable":true,"href":"https:\/\/migracao.redenoticia.com.br\/noticia\/wp-json\/wp\/v2\/media\/103446"}],"wp:attachment":[{"href":"https:\/\/migracao.redenoticia.com.br\/noticia\/wp-json\/wp\/v2\/media?parent=115174"}],"wp:term":[{"taxonomy":"category","embeddable":true,"href":"https:\/\/migracao.redenoticia.com.br\/noticia\/wp-json\/wp\/v2\/categories?post=115174"},{"taxonomy":"post_tag","embeddable":true,"href":"https:\/\/migracao.redenoticia.com.br\/noticia\/wp-json\/wp\/v2\/tags?post=115174"}],"curies":[{"name":"wp","href":"https:\/\/api.w.org\/{rel}","templated":true}]}}