{"id":115191,"date":"2017-06-14T16:31:45","date_gmt":"2017-06-14T19:31:45","guid":{"rendered":"https:\/\/www.redenoticia.com.br\/noticia\/?p=115191"},"modified":"2017-06-14T15:15:20","modified_gmt":"2017-06-14T18:15:20","slug":"resumo-novela-o-que-a-vida-me-roubou-1506-alessandro-chega-a-agua-azul","status":"publish","type":"post","link":"https:\/\/migracao.redenoticia.com.br\/noticia\/2017\/resumo-novela-o-que-a-vida-me-roubou-1506-alessandro-chega-a-agua-azul\/115191","title":{"rendered":"Resumo novela \u201cO Que A Vida Me Roubou\u201d 15\/06: Alessandro chega a \u00c1gua Azul"},"content":{"rendered":"<p> <img loading=\"lazy\" decoding=\"async\" src=\"https:\/\/migracao.redenoticia.com.br\/noticia\/imagens\/o-que-a-vida-me-roubou-novela-resumo-sbt-150x112.jpg\" alt=\"\" width=\"150\" height=\"112\" class=\"alignleft size-thumbnail wp-image-105656\" srcset=\"https:\/\/migracao.redenoticia.com.br\/noticia\/imagens\/o-que-a-vida-me-roubou-novela-resumo-sbt-150x112.jpg 150w, https:\/\/migracao.redenoticia.com.br\/noticia\/imagens\/o-que-a-vida-me-roubou-novela-resumo-sbt-265x198.jpg 265w\" sizes=\"auto, (max-width: 150px) 100vw, 150px\" \/><strong><em>Resumo novela \u201cO Que A Vida Me Roubou\u201d 15\/06<\/em><\/strong>: no cap\u00edtulo 099(*) da novela \u201cO Que A Vida Me Roubou\u201d, resumo de quinta-feira, 15 de junho, Josefina e Adolfo encontram-se num restaurante e ele tenta aproximar-se dela. Pedro e Jos\u00e9 Lu\u00eds encontram-se na rua e trocam acusa\u00e7\u00f5es. Laurinho e Vit\u00f3ria tamb\u00e9m est\u00e3o presentes. O filho de Montserrat mostra uma fotografia do seu pai falecido a Vit\u00f3ria e ele reconhece-o como o seu tio Alessandro. Fab\u00edola procura Montserrat e acaba por sujar o vestido de casamento dela com um copo de vinho.  Carlota sugere a Montserrat que use o vestido do seu primeiro casamento. Ros\u00e1rio aconselha-a a cancelar a cerim\u00f4nia. J\u00e1 na igreja, Jos\u00e9 Lu\u00eds v\u00ea Monserrat a subir ao altar e lembra-se que aquele \u00e9 o vestido que ela usou no casamento com Alessandro. Fab\u00edola vai a casa de Graziela e amea\u00e7a-a com uma arma. Ao chegar a \u00c1gua Azul, Alessandro v\u00ea Laurinho a correr para os bra\u00e7os de Jos\u00e9 Lu\u00eds e a cham\u00e1-lo de pai. N\u00e1dia consegue falar com Vit\u00f3ria, mas a filha mostra-se revoltada. No casamento, o capit\u00e3o Robledo congratula Jos\u00e9 Lu\u00eds pelo seu novo posto como chefe de pol\u00edcia.<\/p>\n<p>(*) edi\u00e7\u00e3o do SBT, Novela \u201cO Que A Vida Me Roubou\u201d, sujeito a altera\u00e7\u00e3o de data e conte\u00fado.<\/p>\n<p>Lo que la vida me rob\u00f3 (no Brasil, O Que a Vida Me Roubou) \u00e9 uma telenovela mexicana produzida por Angelli Nesma Medina para Televisa e exibida pelo Canal de las Estrellas entre 28 de outubro de 2013 e 27 de julho de 2014 em 196 cap\u00edtulos, substituindo La tempestad e sendo substitu\u00edda por Hasta el fin del mundo. A original \u00e9 de Caridad Bravo Adams, sendo esta um remake modernizado das novelas Bodas de odio e Amor real, produzidas em 1983 e 2003, respectivamente. Tem Angelique Boyer, Sebasti\u00e1n Rulli, Luis Roberto Guzm\u00e1n, Daniela Castro, Grettell Vald\u00e9z, Sergio Sendel e Lisset nos papeis principais.<\/p>\n","protected":false},"excerpt":{"rendered":"<p>Resumo novela \u201cO Que A Vida Me Roubou\u201d 15\/06: no cap\u00edtulo 099(*) da novela \u201cO Que A Vida Me Roubou\u201d, resumo de quinta-feira, 15 de junho, Josefina e Adolfo encontram-se num restaurante e ele tenta aproximar-se dela. Pedro e Jos\u00e9 Lu\u00eds encontram-se na rua e trocam acusa\u00e7\u00f5es. Laurinho e Vit\u00f3ria tamb\u00e9m est\u00e3o presentes. O filho [&hellip;]<\/p>\n","protected":false},"author":2,"featured_media":105656,"comment_status":"open","ping_status":"closed","sticky":false,"template":"","format":"standard","meta":{"tdm_status":"","tdm_grid_status":"","footnotes":""},"categories":[379,372,343],"tags":[441],"class_list":{"0":"post-115191","1":"post","2":"type-post","3":"status-publish","4":"format-standard","5":"has-post-thumbnail","7":"category-novelas","8":"category-sbt","9":"category-televisao","10":"tag-resumo-do-dia"},"_links":{"self":[{"href":"https:\/\/migracao.redenoticia.com.br\/noticia\/wp-json\/wp\/v2\/posts\/115191","targetHints":{"allow":["GET"]}}],"collection":[{"href":"https:\/\/migracao.redenoticia.com.br\/noticia\/wp-json\/wp\/v2\/posts"}],"about":[{"href":"https:\/\/migracao.redenoticia.com.br\/noticia\/wp-json\/wp\/v2\/types\/post"}],"author":[{"embeddable":true,"href":"https:\/\/migracao.redenoticia.com.br\/noticia\/wp-json\/wp\/v2\/users\/2"}],"replies":[{"embeddable":true,"href":"https:\/\/migracao.redenoticia.com.br\/noticia\/wp-json\/wp\/v2\/comments?post=115191"}],"version-history":[{"count":0,"href":"https:\/\/migracao.redenoticia.com.br\/noticia\/wp-json\/wp\/v2\/posts\/115191\/revisions"}],"wp:featuredmedia":[{"embeddable":true,"href":"https:\/\/migracao.redenoticia.com.br\/noticia\/wp-json\/wp\/v2\/media\/105656"}],"wp:attachment":[{"href":"https:\/\/migracao.redenoticia.com.br\/noticia\/wp-json\/wp\/v2\/media?parent=115191"}],"wp:term":[{"taxonomy":"category","embeddable":true,"href":"https:\/\/migracao.redenoticia.com.br\/noticia\/wp-json\/wp\/v2\/categories?post=115191"},{"taxonomy":"post_tag","embeddable":true,"href":"https:\/\/migracao.redenoticia.com.br\/noticia\/wp-json\/wp\/v2\/tags?post=115191"}],"curies":[{"name":"wp","href":"https:\/\/api.w.org\/{rel}","templated":true}]}}