{"id":115193,"date":"2017-06-14T16:32:32","date_gmt":"2017-06-14T19:32:32","guid":{"rendered":"https:\/\/www.redenoticia.com.br\/noticia\/?p=115193"},"modified":"2017-06-14T15:16:42","modified_gmt":"2017-06-14T18:16:42","slug":"resumo-novela-carinha-de-anjo-1506-estefania-e-vitor-reatam-o-noivado","status":"publish","type":"post","link":"https:\/\/migracao.redenoticia.com.br\/noticia\/2017\/resumo-novela-carinha-de-anjo-1506-estefania-e-vitor-reatam-o-noivado\/115193","title":{"rendered":"Resumo novela \u201cCarinha de Anjo\u201d 15\/06: Estef\u00e2nia e Vitor reatam o noivado"},"content":{"rendered":"<p> <img loading=\"lazy\" decoding=\"async\" class=\"alignleft size-thumbnail wp-image-99331\" src=\"https:\/\/migracao.redenoticia.com.br\/noticia\/imagens\/carinha_de_anjo_sbt_novela_resumo_capitulo-150x112.jpg\" alt=\"carinha_de_anjo_sbt_novela_resumo_capitulo\" width=\"150\" height=\"112\" srcset=\"https:\/\/migracao.redenoticia.com.br\/noticia\/imagens\/carinha_de_anjo_sbt_novela_resumo_capitulo-150x112.jpg 150w, https:\/\/migracao.redenoticia.com.br\/noticia\/imagens\/carinha_de_anjo_sbt_novela_resumo_capitulo-265x198.jpg 265w\" sizes=\"auto, (max-width: 150px) 100vw, 150px\" \/><strong><em>Resumo novela \u201cCarinha de Anjo\u201d 15\/06<\/em><\/strong>: no cap\u00edtulo 149(*) da novela \u201cCarinha de Anjo\u201d, resumo de quinta-feira, 15 de junho, Gustavo decide ir jantar com Ver\u00f4nica e Crist\u00f3v\u00e3o, sem Nicole, para brindar os resultados da empresa. Silvana escuta tudo. Ap\u00f3s escutar tudo o que Vitor disse, Estef\u00e2nia pede para que o chef fique e que consegue ver ele defender o amor dos dois na frente de Selene: \u201cEu te amo Vitor\u201c, diz. Selene vai embora, mas garante que essa situa\u00e7\u00e3o n\u00e3o ficar\u00e1 assim. Dulce Maria comemora que os dois reataram o noivado. Fabiana explica para Diana que nunca disse que Z\u00e9 Felipe teria condi\u00e7\u00e3o de cantar no show com Zeca, mas Diana diz que a religiosa disse isso sim. Fabiana explica que Z\u00e9 Felipe n\u00e3o est\u00e1 pronto para fazer show algum na churrascaria. Miguel aparece e conta que a culpa \u00e9 dele, pois usou uma t\u00e9cnica de hipnose que conhece em Fabiana. Os meninos explicam que fazer Z\u00e9 Felipe desafinar \u00e9 o \u00fanico jeito de fazer In\u00e1cio perceber que o garoto n\u00e3o leva jeito para a m\u00fasica.<\/p>\n<p>(*) edi\u00e7\u00e3o do SBT, Novela \u201cCarinha de Anjo\u201d, sujeito a altera\u00e7\u00e3o de data e conte\u00fado.<\/p>\n<p>Carinha de Anjo \u00e9 uma telenovela brasileira produzida e exibida originalmente pelo SBT desde o dia 21 de novembro de 2016, substituindo o hor\u00e1rio anteriormente ocupado por C\u00famplices de um Resgate. A telenovela \u00e9 inspirada na mexicana Carita de \u00e1ngel, que, por sua vez, \u00e9 um remake de Mundo de juguete, ambas produzidas pela Televisa e que haviam sido baseadas na trama argentina escrita por Abel Santa Cruz, Pap\u00e1 coraz\u00f3n. Esta ser\u00e1 a segunda adapta\u00e7\u00e3o brasileira da obra original argentina, visto que a Rede Tupi apresentou em 1976 a sua primeira vers\u00e3o, chamada de Papai Cora\u00e7\u00e3o. A nova vers\u00e3o \u00e9 escrita por Leonor Corr\u00eaa, com supervis\u00e3o de \u00cdris Abravanel e dire\u00e7\u00e3o geral de Ricardo Mantoanelli. A trama conta com Lorena Queiroz, Bia Arantes, Carlo Porto, Priscila Sol, Dani Gondim, Karin Hils, Eliana Guttman e Lucero nos pap\u00e9is principais.<\/p>\n","protected":false},"excerpt":{"rendered":"<p>Resumo novela \u201cCarinha de Anjo\u201d 15\/06: no cap\u00edtulo 149(*) da novela \u201cCarinha de Anjo\u201d, resumo de quinta-feira, 15 de junho, Gustavo decide ir jantar com Ver\u00f4nica e Crist\u00f3v\u00e3o, sem Nicole, para brindar os resultados da empresa. Silvana escuta tudo. Ap\u00f3s escutar tudo o que Vitor disse, Estef\u00e2nia pede para que o chef fique e que [&hellip;]<\/p>\n","protected":false},"author":2,"featured_media":99331,"comment_status":"open","ping_status":"closed","sticky":false,"template":"","format":"standard","meta":{"tdm_status":"","tdm_grid_status":"","footnotes":""},"categories":[452,379,372,343],"tags":[441],"class_list":{"0":"post-115193","1":"post","2":"type-post","3":"status-publish","4":"format-standard","5":"has-post-thumbnail","7":"category-carinha-de-anjo","8":"category-novelas","9":"category-sbt","10":"category-televisao","11":"tag-resumo-do-dia"},"_links":{"self":[{"href":"https:\/\/migracao.redenoticia.com.br\/noticia\/wp-json\/wp\/v2\/posts\/115193","targetHints":{"allow":["GET"]}}],"collection":[{"href":"https:\/\/migracao.redenoticia.com.br\/noticia\/wp-json\/wp\/v2\/posts"}],"about":[{"href":"https:\/\/migracao.redenoticia.com.br\/noticia\/wp-json\/wp\/v2\/types\/post"}],"author":[{"embeddable":true,"href":"https:\/\/migracao.redenoticia.com.br\/noticia\/wp-json\/wp\/v2\/users\/2"}],"replies":[{"embeddable":true,"href":"https:\/\/migracao.redenoticia.com.br\/noticia\/wp-json\/wp\/v2\/comments?post=115193"}],"version-history":[{"count":0,"href":"https:\/\/migracao.redenoticia.com.br\/noticia\/wp-json\/wp\/v2\/posts\/115193\/revisions"}],"wp:featuredmedia":[{"embeddable":true,"href":"https:\/\/migracao.redenoticia.com.br\/noticia\/wp-json\/wp\/v2\/media\/99331"}],"wp:attachment":[{"href":"https:\/\/migracao.redenoticia.com.br\/noticia\/wp-json\/wp\/v2\/media?parent=115193"}],"wp:term":[{"taxonomy":"category","embeddable":true,"href":"https:\/\/migracao.redenoticia.com.br\/noticia\/wp-json\/wp\/v2\/categories?post=115193"},{"taxonomy":"post_tag","embeddable":true,"href":"https:\/\/migracao.redenoticia.com.br\/noticia\/wp-json\/wp\/v2\/tags?post=115193"}],"curies":[{"name":"wp","href":"https:\/\/api.w.org\/{rel}","templated":true}]}}