{"id":1152,"date":"2009-05-04T18:46:14","date_gmt":"2009-05-04T22:46:14","guid":{"rendered":"http:\/\/www.redenoticia.com.br\/noticia\/?p=1152"},"modified":"2009-05-04T18:46:14","modified_gmt":"2009-05-04T22:46:14","slug":"fundacao-cultural-homenageia-maes-de-ji-parana","status":"publish","type":"post","link":"https:\/\/migracao.redenoticia.com.br\/noticia\/2009\/fundacao-cultural-homenageia-maes-de-ji-parana\/1152","title":{"rendered":"Funda\u00e7\u00e3o Cultural homenageia m\u00e3es de Ji-Paran\u00e1"},"content":{"rendered":"<p class=\"MsoNormal\"><strong><\/strong><span style=\"font-family: Arial;\">No dia 08 de MAIO a Funda\u00e7\u00e3o Cultural estar\u00e1 realizando no Teatro Dominguinhos um evento fechado para as M\u00e3es dos Alunos da entidade.<\/span><\/p>\n<p class=\"MsoNormal\"><span style=\"font-family: Arial;\">O in\u00edcio ser\u00e1 \u00e0s 20h00 e ser\u00e3o apresentados diversos n\u00fameros musicais e uma pe\u00e7a teatral.<\/span><\/p>\n<p class=\"MsoNormal\"><span style=\"font-family: Arial;\">O evento n\u00e3o ser\u00e1 aberto ao p\u00fablico porque o teatro Dominguinhos comporta apenas 240 pessoas sentadas. <\/span><\/p>\n<p class=\"MsoNormal\"><span style=\"font-family: Arial;\">A Funda\u00e7\u00e3o Cultural oferece diversos cursos gratuitos \u00e0 comunidade como artesanato, artes pl\u00e1sticas, instrumentos musicais, bal\u00e9, teatro e coral.<span> <\/span><span> <\/span><\/span><\/p>\n","protected":false},"excerpt":{"rendered":"<p>No dia 08 de MAIO a Funda\u00e7\u00e3o Cultural estar\u00e1 realizando no Teatro Dominguinhos um evento fechado para as M\u00e3es dos Alunos da entidade. O in\u00edcio ser\u00e1 \u00e0s 20h00 e ser\u00e3o apresentados diversos n\u00fameros musicais e uma pe\u00e7a teatral. O evento n\u00e3o ser\u00e1 aberto ao p\u00fablico porque o teatro Dominguinhos comporta apenas 240 pessoas sentadas. A [&hellip;]<\/p>\n","protected":false},"author":3,"featured_media":0,"comment_status":"open","ping_status":"open","sticky":false,"template":"","format":"standard","meta":{"tdm_status":"","tdm_grid_status":"","footnotes":""},"categories":[22],"tags":[],"class_list":{"0":"post-1152","1":"post","2":"type-post","3":"status-publish","4":"format-standard","6":"category-brasil"},"_links":{"self":[{"href":"https:\/\/migracao.redenoticia.com.br\/noticia\/wp-json\/wp\/v2\/posts\/1152","targetHints":{"allow":["GET"]}}],"collection":[{"href":"https:\/\/migracao.redenoticia.com.br\/noticia\/wp-json\/wp\/v2\/posts"}],"about":[{"href":"https:\/\/migracao.redenoticia.com.br\/noticia\/wp-json\/wp\/v2\/types\/post"}],"author":[{"embeddable":true,"href":"https:\/\/migracao.redenoticia.com.br\/noticia\/wp-json\/wp\/v2\/users\/3"}],"replies":[{"embeddable":true,"href":"https:\/\/migracao.redenoticia.com.br\/noticia\/wp-json\/wp\/v2\/comments?post=1152"}],"version-history":[{"count":0,"href":"https:\/\/migracao.redenoticia.com.br\/noticia\/wp-json\/wp\/v2\/posts\/1152\/revisions"}],"wp:attachment":[{"href":"https:\/\/migracao.redenoticia.com.br\/noticia\/wp-json\/wp\/v2\/media?parent=1152"}],"wp:term":[{"taxonomy":"category","embeddable":true,"href":"https:\/\/migracao.redenoticia.com.br\/noticia\/wp-json\/wp\/v2\/categories?post=1152"},{"taxonomy":"post_tag","embeddable":true,"href":"https:\/\/migracao.redenoticia.com.br\/noticia\/wp-json\/wp\/v2\/tags?post=1152"}],"curies":[{"name":"wp","href":"https:\/\/api.w.org\/{rel}","templated":true}]}}