{"id":115203,"date":"2017-06-14T16:37:27","date_gmt":"2017-06-14T19:37:27","guid":{"rendered":"https:\/\/www.redenoticia.com.br\/noticia\/?p=115203"},"modified":"2017-06-14T15:24:33","modified_gmt":"2017-06-14T18:24:33","slug":"resumo-novela-novo-mundo-1506-thomas-usa-vitoria-para-ameacar-anna","status":"publish","type":"post","link":"https:\/\/migracao.redenoticia.com.br\/noticia\/2017\/resumo-novela-novo-mundo-1506-thomas-usa-vitoria-para-ameacar-anna\/115203","title":{"rendered":"Resumo novela \u201cNovo Mundo\u201d 15\/06: Thomas usa Vit\u00f3ria para amea\u00e7ar Anna"},"content":{"rendered":"<p> <img loading=\"lazy\" decoding=\"async\" class=\"alignleft size-thumbnail wp-image-107950\" src=\"https:\/\/migracao.redenoticia.com.br\/noticia\/imagens\/novo_mundo_novela_resumo_globo-150x112.jpg\" alt=\"\" width=\"150\" height=\"112\" srcset=\"https:\/\/migracao.redenoticia.com.br\/noticia\/imagens\/novo_mundo_novela_resumo_globo-150x112.jpg 150w, https:\/\/migracao.redenoticia.com.br\/noticia\/imagens\/novo_mundo_novela_resumo_globo-265x198.jpg 265w\" sizes=\"auto, (max-width: 150px) 100vw, 150px\" \/><strong><em>Resumo novela \u201cNovo Mundo\u201d 15\/06<\/em><\/strong>: no cap\u00edtulo 074(*) da novela \u201cNovo Mundo\u201d, resumo de quinta-feira, 15 de junho, Anna e Joaquim combinam uma fuga sem ver Thomas. Ferdinando observa Diara no banho. Diara se comove com Ferdinando e desiste de mand\u00e1-lo embora. Cec\u00edlia chora ao ver Lib\u00e9rio. Leopoldina pensa em hospedar Narcisa no Solar da fam\u00edlia. Dom Pedro d\u00e1 o anel de Patr\u00edcio para Domitila. Sebasti\u00e3o e outros fazendeiros se revoltam com a fuga dos escravos. Germana e Licurgo tentam convencer Hugo a entrar no quarto de Thomas. Peter fica impressionado com a mudan\u00e7a no comportamento de Am\u00e1lia. Piat\u00e3 tem um sonho com sua irm\u00e3 e fica nervoso. Thomas usa Vit\u00f3ria para amea\u00e7ar Anna.<\/p>\n<p>(*) edi\u00e7\u00e3o da Rede Globo, Novela \u201cNovo Mundo\u201d, sujeito a altera\u00e7\u00e3o de data e conte\u00fado.<\/p>\n<p>Novo Mundo \u00e9 uma telenovela brasileira produzida pela Rede Globo. Escrita por Thereza Falc\u00e3o e Alessandro Marson, conta com dire\u00e7\u00e3o art\u00edstica de Vin\u00edcius Coimbra. Conta com as participa\u00e7\u00f5es de Isabelle Drummond, Chay Suede, Caio Castro, Let\u00edcia Colin, Leo Jaime, D\u00e9bora Olivieri, Rodrigo Simas, Giullia Buscacio, Vivianne Pasmanter, Guilherme Piva, R\u00f4mulo Estrela, Agatha Moreira, Luisa Micheletti, Gabriel Braga Nunes, e Ingrid Guimar\u00e3es. <\/p>\n","protected":false},"excerpt":{"rendered":"<p>Resumo novela \u201cNovo Mundo\u201d 15\/06: no cap\u00edtulo 074(*) da novela \u201cNovo Mundo\u201d, resumo de quinta-feira, 15 de junho, Anna e Joaquim combinam uma fuga sem ver Thomas. Ferdinando observa Diara no banho. Diara se comove com Ferdinando e desiste de mand\u00e1-lo embora. Cec\u00edlia chora ao ver Lib\u00e9rio. Leopoldina pensa em hospedar Narcisa no Solar da [&hellip;]<\/p>\n","protected":false},"author":2,"featured_media":110825,"comment_status":"open","ping_status":"closed","sticky":false,"template":"","format":"standard","meta":{"tdm_status":"","tdm_grid_status":"","footnotes":""},"categories":[379,375,343],"tags":[441],"class_list":{"0":"post-115203","1":"post","2":"type-post","3":"status-publish","4":"format-standard","5":"has-post-thumbnail","7":"category-novelas","8":"category-rede-globo","9":"category-televisao","10":"tag-resumo-do-dia"},"_links":{"self":[{"href":"https:\/\/migracao.redenoticia.com.br\/noticia\/wp-json\/wp\/v2\/posts\/115203","targetHints":{"allow":["GET"]}}],"collection":[{"href":"https:\/\/migracao.redenoticia.com.br\/noticia\/wp-json\/wp\/v2\/posts"}],"about":[{"href":"https:\/\/migracao.redenoticia.com.br\/noticia\/wp-json\/wp\/v2\/types\/post"}],"author":[{"embeddable":true,"href":"https:\/\/migracao.redenoticia.com.br\/noticia\/wp-json\/wp\/v2\/users\/2"}],"replies":[{"embeddable":true,"href":"https:\/\/migracao.redenoticia.com.br\/noticia\/wp-json\/wp\/v2\/comments?post=115203"}],"version-history":[{"count":0,"href":"https:\/\/migracao.redenoticia.com.br\/noticia\/wp-json\/wp\/v2\/posts\/115203\/revisions"}],"wp:featuredmedia":[{"embeddable":true,"href":"https:\/\/migracao.redenoticia.com.br\/noticia\/wp-json\/wp\/v2\/media\/110825"}],"wp:attachment":[{"href":"https:\/\/migracao.redenoticia.com.br\/noticia\/wp-json\/wp\/v2\/media?parent=115203"}],"wp:term":[{"taxonomy":"category","embeddable":true,"href":"https:\/\/migracao.redenoticia.com.br\/noticia\/wp-json\/wp\/v2\/categories?post=115203"},{"taxonomy":"post_tag","embeddable":true,"href":"https:\/\/migracao.redenoticia.com.br\/noticia\/wp-json\/wp\/v2\/tags?post=115203"}],"curies":[{"name":"wp","href":"https:\/\/api.w.org\/{rel}","templated":true}]}}