{"id":115235,"date":"2017-06-15T16:20:16","date_gmt":"2017-06-15T19:20:16","guid":{"rendered":"https:\/\/www.redenoticia.com.br\/noticia\/?p=115235"},"modified":"2017-06-15T19:08:46","modified_gmt":"2017-06-15T22:08:46","slug":"resumo-novela-no-limite-da-paixao-1606-por-ana-cristina-otavio-volta-ao-povoado","status":"publish","type":"post","link":"https:\/\/migracao.redenoticia.com.br\/noticia\/2017\/resumo-novela-no-limite-da-paixao-1606-por-ana-cristina-otavio-volta-ao-povoado\/115235","title":{"rendered":"Resumo novela \u201cNo Limite da Paix\u00e3o\u201d 16\/06: Ot\u00e1vio volta ao povoado"},"content":{"rendered":"<p><img class=\"alignleft size-thumbnail wp-image-113483\" https:\/\/migracao.redenoticia.com.br\/noticia\/imagens\/no-limite-da-paixao-novela-sbt-resumo-150x112.jpg\" alt=\"\" width=\"150\" height=\"112\" \/><strong><em>Resumo novela \u201cNo Limite da Paix\u00e3o\u201d 16\/06<\/em><\/strong>: no cap\u00edtulo 020(*) da novela \u201cNo Limite da Paix\u00e3o\u201d, resumo de sexta-feira, 16 de junho, Caetana faz uma encena\u00e7\u00e3o para que dona Josefa se conven\u00e7a de que Ana Cristina roubou a pulseira. Mas, tanto Ana Cristina quanto dona Josefa acabam chegando \u00e0 conclus\u00e3o de que tudo n\u00e3o passou de uma armadilha preparada por Frida e sua tia. Caetana conta a Frida o que aconteceu e as duas acabam convencidas de que tudo saiu como planejado. Vicente comunica aos empregados da f\u00e1brica que Ot\u00e1vio Vila Real se colocou \u00e0 disposi\u00e7\u00e3o para o que for necess\u00e1rio e diz a Maciel que o patr\u00e3o pediu que ele investigue por qual motivo Jos\u00e9 Alfredo perdeu sua loja de cal\u00e7ados. Maria Madalena ouve a conversa e est\u00e1 a ponto de explicar o motivo mas Maciel a aconselha a n\u00e3o dizer nada. Gabriel e Jos\u00e9 Alfredo pressionam Maria Madalena para que ela diga qual dos dois n\u00e3o \u00e9 seu filho leg\u00edtimo. Temendo a rea\u00e7\u00e3o de Gabriel, Maria Madalena mente e diz que Jos\u00e9 Alfredo n\u00e3o \u00e9 seu filho. Frida liga para Maciel e avisa que Ot\u00e1vio voltou ao povoado por causa de Ana Cristina. Ot\u00e1vio, enciumado, diz a Ana Cristina que n\u00e3o consegue acreditar que n\u00e3o exista nada entre ela e Jos\u00e9 Alfredo. Rog\u00e9rio, sem entender porque Ot\u00e1vio viajou sem avis\u00e1-lo, liga para perguntar o que aconteceu e se a sociedade continua existindo. Ot\u00e1vio, que voltou a se desentender com Ana Cristina, diz ao s\u00f3cio que n\u00e3o precisa se preocupar pois j\u00e1 n\u00e3o existe mais nada que o prenda ao povoado e est\u00e1 voltando imediatamente para Miami.<\/p>\n<p>(*) edi\u00e7\u00e3o do SBT, Novela \u201cNo Limite da Paix\u00e3o\u201d, sujeito a altera\u00e7\u00e3o de data e conte\u00fado.<\/p>\n<p>\u201cNo Limite da Paix\u00e3o\u201d \u00e9 uma telenovela mexicana produzida por Salvador Mej\u00eda Alejandre para a Televisa e exibida pelo Canal de las Estrellas entre 11 de fevereiro e 2 de agosto de 2002. A trama \u00e9 baseada em Cadena de odio, uma radionovela de Hilda Morales Allois. Foi adaptada livremente por Liliana Abud, dire\u00e7\u00e3o de Miguel C\u00f3rcega e produ\u00e7\u00e3o executiva de Nathalie Lartilleux. A trama \u00e9 protagonizada por Susana Gonz\u00e1lez e C\u00e9sar \u00c9vora e antagonizada por Sabine Moussier e Alberto Estrella.<\/p>\n<p>Sinopse: Ana Cristina e Ot\u00e1vio ter\u00e3o que ultrapassar as barreiras das mentiras e enfrentar o sentimento que os condena. Rodeados das m\u00e1s inten\u00e7\u00f5es de seus inimigos, e os problemas que ter\u00e3o um a um at\u00e9 chegar a sua meta: estar juntos sem importar o passado. Ana Cristina \u00e9 uma jovem charmosa e de car\u00e1ter forte, \u00e9 a protegida de seu av\u00f4, Fernando Villareal. Quando Fernando fica doente, seu sobrinho Ot\u00e1vio Villareal, um homem cheio de rancor porque seu tio impediu seu casamento com sua amada Frida, viaja para v\u00ea-lo. Fernando morre, deixando em seu testamento a f\u00e1brica de sapatos para Ot\u00e1vio e Ana Cristina: eles s\u00e3o sua \u00fanica fam\u00edlia, mas como condi\u00e7\u00e3o devem se casar e viver juntos um ano antes de decidir o que fazer com a empresa. Maciel, o capataz das terras Villareal, come\u00e7a a caluniar a inofensiva Ana Cristina e convence Ot\u00e1vio para que busque Frida. Sem imaginar, com a conviv\u00eancia cresce um amor profundo entre os dois: ambos s\u00e3o v\u00edtimas de um grande \u00f3dio por parte de Maciel e Frida, ex-prometida de Ot\u00e1vio, que fazem at\u00e9 o imposs\u00edvel para separar os dois. Ot\u00e1vio dever\u00e1 decidir entre o filho que espera agora sua amada esposa Ana Cristina, e o filho de sua amante Frida que, na verdade, n\u00e3o \u00e9 seu. Mas a chegada de Martha, uma mulher misteriosa e obscura vai mudar completamente e vida de Ana Cristina e Ot\u00e1vio. Ela far\u00e1 de tudo para defender Ana Cristina nem que para isso precise revelar um grande segredo que guarda.<\/p>\n","protected":false},"excerpt":{"rendered":"","protected":false},"author":4,"featured_media":113483,"comment_status":"open","ping_status":"closed","sticky":false,"template":"","format":"standard","meta":{"tdm_status":"","tdm_grid_status":"","footnotes":""},"categories":[379,372,343],"tags":[441],"class_list":{"0":"post-115235","1":"post","2":"type-post","3":"status-publish","4":"format-standard","5":"has-post-thumbnail","7":"category-novelas","8":"category-sbt","9":"category-televisao","10":"tag-resumo-do-dia"},"_links":{"self":[{"href":"https:\/\/migracao.redenoticia.com.br\/noticia\/wp-json\/wp\/v2\/posts\/115235","targetHints":{"allow":["GET"]}}],"collection":[{"href":"https:\/\/migracao.redenoticia.com.br\/noticia\/wp-json\/wp\/v2\/posts"}],"about":[{"href":"https:\/\/migracao.redenoticia.com.br\/noticia\/wp-json\/wp\/v2\/types\/post"}],"author":[{"embeddable":true,"href":"https:\/\/migracao.redenoticia.com.br\/noticia\/wp-json\/wp\/v2\/users\/4"}],"replies":[{"embeddable":true,"href":"https:\/\/migracao.redenoticia.com.br\/noticia\/wp-json\/wp\/v2\/comments?post=115235"}],"version-history":[{"count":0,"href":"https:\/\/migracao.redenoticia.com.br\/noticia\/wp-json\/wp\/v2\/posts\/115235\/revisions"}],"wp:featuredmedia":[{"embeddable":true,"href":"https:\/\/migracao.redenoticia.com.br\/noticia\/wp-json\/wp\/v2\/media\/113483"}],"wp:attachment":[{"href":"https:\/\/migracao.redenoticia.com.br\/noticia\/wp-json\/wp\/v2\/media?parent=115235"}],"wp:term":[{"taxonomy":"category","embeddable":true,"href":"https:\/\/migracao.redenoticia.com.br\/noticia\/wp-json\/wp\/v2\/categories?post=115235"},{"taxonomy":"post_tag","embeddable":true,"href":"https:\/\/migracao.redenoticia.com.br\/noticia\/wp-json\/wp\/v2\/tags?post=115235"}],"curies":[{"name":"wp","href":"https:\/\/api.w.org\/{rel}","templated":true}]}}