{"id":115237,"date":"2017-06-15T16:22:54","date_gmt":"2017-06-15T19:22:54","guid":{"rendered":"https:\/\/www.redenoticia.com.br\/noticia\/?p=115237"},"modified":"2017-06-15T16:22:54","modified_gmt":"2017-06-15T19:22:54","slug":"resumo-novela-o-que-a-vida-me-roubou-1606-montserrat-some-da-festa-de-casamento","status":"publish","type":"post","link":"https:\/\/migracao.redenoticia.com.br\/noticia\/2017\/resumo-novela-o-que-a-vida-me-roubou-1606-montserrat-some-da-festa-de-casamento\/115237","title":{"rendered":"Resumo novela \u201cO Que A Vida Me Roubou\u201d 16\/06: Montserrat some da festa de casamento"},"content":{"rendered":"<p><img loading=\"lazy\" decoding=\"async\" src=\"https:\/\/migracao.redenoticia.com.br\/noticia\/imagens\/o-que-a-vida-me-roubou-novela-resumo-sbt-150x112.jpg\" alt=\"\" width=\"150\" height=\"112\" class=\"alignleft size-thumbnail wp-image-105656\" srcset=\"https:\/\/migracao.redenoticia.com.br\/noticia\/imagens\/o-que-a-vida-me-roubou-novela-resumo-sbt-150x112.jpg 150w, https:\/\/migracao.redenoticia.com.br\/noticia\/imagens\/o-que-a-vida-me-roubou-novela-resumo-sbt-265x198.jpg 265w\" sizes=\"auto, (max-width: 150px) 100vw, 150px\" \/><strong><em>Resumo novela \u201cO Que A Vida Me Roubou\u201d 16\/06<\/em><\/strong>: no cap\u00edtulo 100(*) da novela \u201cO Que A Vida Me Roubou\u201d, resumo de sexta-feira, 16 de junho, Pedro Medina expulsa Am\u00e9lia de casa depois de lhe dizer que N\u00e1dia est\u00e1 viva e continua a ser sua mulher. Jos\u00e9 Lu\u00eds diz ao microfone para os convidados deixarem a festa. Carlota diz-lhe que os convidados nunca ir\u00e3o esquecer a sua falta de cortesia e que eles v\u00e3o ser alvo de chacota em \u00c1gua Azul. Jos\u00e9 Lu\u00eds diz-lhe que a noiva desapareceu e que ele n\u00e3o quer ver ningu\u00e9m. Alessandro pergunta a Josefina onde est\u00e1 Montserrat. Graziela diz a M\u00f3nica e Demetrio que Fab\u00edola tentou mat\u00e1-la. Jos\u00e9 Lu\u00eds e Montserrat voltam a entender-se e acabam por ir com Laurinho para a lua-de-mel.<\/p>\n<p>(*) edi\u00e7\u00e3o do SBT, Novela \u201cO Que A Vida Me Roubou\u201d, sujeito a altera\u00e7\u00e3o de data e conte\u00fado.<\/p>\n<p>Lo que la vida me rob\u00f3 (no Brasil, O Que a Vida Me Roubou) \u00e9 uma telenovela mexicana produzida por Angelli Nesma Medina para Televisa e exibida pelo Canal de las Estrellas entre 28 de outubro de 2013 e 27 de julho de 2014 em 196 cap\u00edtulos, substituindo La tempestad e sendo substitu\u00edda por Hasta el fin del mundo. A original \u00e9 de Caridad Bravo Adams, sendo esta um remake modernizado das novelas Bodas de odio e Amor real, produzidas em 1983 e 2003, respectivamente. Tem Angelique Boyer, Sebasti\u00e1n Rulli, Luis Roberto Guzm\u00e1n, Daniela Castro, Grettell Vald\u00e9z, Sergio Sendel e Lisset nos papeis principais.<\/p>\n","protected":false},"excerpt":{"rendered":"<p>Resumo novela \u201cO Que A Vida Me Roubou\u201d 16\/06: no cap\u00edtulo 100(*) da novela \u201cO Que A Vida Me Roubou\u201d, resumo de sexta-feira, 16 de junho, Pedro Medina expulsa Am\u00e9lia de casa depois de lhe dizer que N\u00e1dia est\u00e1 viva e continua a ser sua mulher. Jos\u00e9 Lu\u00eds diz ao microfone para os convidados deixarem [&hellip;]<\/p>\n","protected":false},"author":4,"featured_media":105656,"comment_status":"open","ping_status":"closed","sticky":false,"template":"","format":"standard","meta":{"tdm_status":"","tdm_grid_status":"","footnotes":""},"categories":[379,372,343],"tags":[441],"class_list":{"0":"post-115237","1":"post","2":"type-post","3":"status-publish","4":"format-standard","5":"has-post-thumbnail","7":"category-novelas","8":"category-sbt","9":"category-televisao","10":"tag-resumo-do-dia"},"_links":{"self":[{"href":"https:\/\/migracao.redenoticia.com.br\/noticia\/wp-json\/wp\/v2\/posts\/115237","targetHints":{"allow":["GET"]}}],"collection":[{"href":"https:\/\/migracao.redenoticia.com.br\/noticia\/wp-json\/wp\/v2\/posts"}],"about":[{"href":"https:\/\/migracao.redenoticia.com.br\/noticia\/wp-json\/wp\/v2\/types\/post"}],"author":[{"embeddable":true,"href":"https:\/\/migracao.redenoticia.com.br\/noticia\/wp-json\/wp\/v2\/users\/4"}],"replies":[{"embeddable":true,"href":"https:\/\/migracao.redenoticia.com.br\/noticia\/wp-json\/wp\/v2\/comments?post=115237"}],"version-history":[{"count":0,"href":"https:\/\/migracao.redenoticia.com.br\/noticia\/wp-json\/wp\/v2\/posts\/115237\/revisions"}],"wp:featuredmedia":[{"embeddable":true,"href":"https:\/\/migracao.redenoticia.com.br\/noticia\/wp-json\/wp\/v2\/media\/105656"}],"wp:attachment":[{"href":"https:\/\/migracao.redenoticia.com.br\/noticia\/wp-json\/wp\/v2\/media?parent=115237"}],"wp:term":[{"taxonomy":"category","embeddable":true,"href":"https:\/\/migracao.redenoticia.com.br\/noticia\/wp-json\/wp\/v2\/categories?post=115237"},{"taxonomy":"post_tag","embeddable":true,"href":"https:\/\/migracao.redenoticia.com.br\/noticia\/wp-json\/wp\/v2\/tags?post=115237"}],"curies":[{"name":"wp","href":"https:\/\/api.w.org\/{rel}","templated":true}]}}