{"id":115240,"date":"2017-06-15T16:24:13","date_gmt":"2017-06-15T19:24:13","guid":{"rendered":"https:\/\/www.redenoticia.com.br\/noticia\/?p=115240"},"modified":"2017-06-15T16:24:13","modified_gmt":"2017-06-15T19:24:13","slug":"resumo-novela-carinha-de-anjo-1606-selene-vai-embora-de-doce-horizonte","status":"publish","type":"post","link":"https:\/\/migracao.redenoticia.com.br\/noticia\/2017\/resumo-novela-carinha-de-anjo-1606-selene-vai-embora-de-doce-horizonte\/115240","title":{"rendered":"Resumo novela \u201cCarinha de Anjo\u201d 16\/06: Selene vai embora de Doce Horizonte"},"content":{"rendered":"<p><img loading=\"lazy\" decoding=\"async\" class=\"alignleft size-thumbnail wp-image-99331\" src=\"https:\/\/migracao.redenoticia.com.br\/noticia\/imagens\/carinha_de_anjo_sbt_novela_resumo_capitulo-150x112.jpg\" alt=\"carinha_de_anjo_sbt_novela_resumo_capitulo\" width=\"150\" height=\"112\" srcset=\"https:\/\/migracao.redenoticia.com.br\/noticia\/imagens\/carinha_de_anjo_sbt_novela_resumo_capitulo-150x112.jpg 150w, https:\/\/migracao.redenoticia.com.br\/noticia\/imagens\/carinha_de_anjo_sbt_novela_resumo_capitulo-265x198.jpg 265w\" sizes=\"auto, (max-width: 150px) 100vw, 150px\" \/><strong><em>Resumo novela \u201cCarinha de Anjo\u201d 16\/06<\/em><\/strong>: no cap\u00edtulo 150(*) da novela \u201cCarinha de Anjo\u201d, resumo de sexta-feira, 16 de junho, Dulce Maria volta para o col\u00e9gio e comemora com suas amigas a not\u00edcia do casamento de Estef\u00e2nia e Vitor. Crist\u00f3v\u00e3o conta para Ver\u00f4nica que Gustavo havia convidado os dois para jantarem em sua casa para tentar bancar o cupido entre os dois. Ver\u00f4nica responde que percebeu isso, mas que Crist\u00f3v\u00e3o sabe que os dois s\u00e3o s\u00f3 dois amigos. A secret\u00e1ria acaba revelando para o advogado que est\u00e1 encantada por Gustavo, mas sabe que ele \u00e9 comprometido. Silvana escuta a conversa dos dois atr\u00e1s da porta. Selene vai embora da cidade Doce Horizonte, mas antes envia uma caixa misteriosa para Estef\u00e2nia dizendo que Vitor vale menos que um inseto. Madre Superiora avisa as crian\u00e7as que ir\u00e1 fazer uma viagem para conhecer o filho de sua prima e nesse per\u00edodo a irm\u00e3 Luzia que ir\u00e1 dirigir a escola. Estef\u00e2nia abre a caixa enviada por Selene com uma peruca e dezenas de baratas e outros insetos. Tia Perucas entra em desespero. Silvana conta para Fl\u00e1vio o que descobriu sobre Ver\u00f4nica e o homem responde: \u201cN\u00f3s vamos nos dar bem com isso\u201d. Frida diz para B\u00e1rbara que far\u00e1 Dulce Maria acreditar que a religiosa adoraria que sua sala fosse pintada com v\u00e1rias cores. A menina coloca o plano em a\u00e7\u00e3o e faz Dulce escutar, como se fosse por acaso, a farsa da pintura com intuito de fazer a carinha de anjo se prejudicar.<\/p>\n<p>(*) edi\u00e7\u00e3o do SBT, Novela \u201cCarinha de Anjo\u201d, sujeito a altera\u00e7\u00e3o de data e conte\u00fado.<\/p>\n<p>Carinha de Anjo \u00e9 uma telenovela brasileira produzida e exibida originalmente pelo SBT desde o dia 21 de novembro de 2016, substituindo o hor\u00e1rio anteriormente ocupado por C\u00famplices de um Resgate. A telenovela \u00e9 inspirada na mexicana Carita de \u00e1ngel, que, por sua vez, \u00e9 um remake de Mundo de juguete, ambas produzidas pela Televisa e que haviam sido baseadas na trama argentina escrita por Abel Santa Cruz, Pap\u00e1 coraz\u00f3n. Esta ser\u00e1 a segunda adapta\u00e7\u00e3o brasileira da obra original argentina, visto que a Rede Tupi apresentou em 1976 a sua primeira vers\u00e3o, chamada de Papai Cora\u00e7\u00e3o. A nova vers\u00e3o \u00e9 escrita por Leonor Corr\u00eaa, com supervis\u00e3o de \u00cdris Abravanel e dire\u00e7\u00e3o geral de Ricardo Mantoanelli. A trama conta com Lorena Queiroz, Bia Arantes, Carlo Porto, Priscila Sol, Dani Gondim, Karin Hils, Eliana Guttman e Lucero nos pap\u00e9is principais.<\/p>\n","protected":false},"excerpt":{"rendered":"<p>Resumo novela \u201cCarinha de Anjo\u201d 16\/06: no cap\u00edtulo 150(*) da novela \u201cCarinha de Anjo\u201d, resumo de sexta-feira, 16 de junho, Dulce Maria volta para o col\u00e9gio e comemora com suas amigas a not\u00edcia do casamento de Estef\u00e2nia e Vitor. Crist\u00f3v\u00e3o conta para Ver\u00f4nica que Gustavo havia convidado os dois para jantarem em sua casa para [&hellip;]<\/p>\n","protected":false},"author":4,"featured_media":99331,"comment_status":"open","ping_status":"closed","sticky":false,"template":"","format":"standard","meta":{"tdm_status":"","tdm_grid_status":"","footnotes":""},"categories":[452,379,372,343],"tags":[441],"class_list":{"0":"post-115240","1":"post","2":"type-post","3":"status-publish","4":"format-standard","5":"has-post-thumbnail","7":"category-carinha-de-anjo","8":"category-novelas","9":"category-sbt","10":"category-televisao","11":"tag-resumo-do-dia"},"_links":{"self":[{"href":"https:\/\/migracao.redenoticia.com.br\/noticia\/wp-json\/wp\/v2\/posts\/115240","targetHints":{"allow":["GET"]}}],"collection":[{"href":"https:\/\/migracao.redenoticia.com.br\/noticia\/wp-json\/wp\/v2\/posts"}],"about":[{"href":"https:\/\/migracao.redenoticia.com.br\/noticia\/wp-json\/wp\/v2\/types\/post"}],"author":[{"embeddable":true,"href":"https:\/\/migracao.redenoticia.com.br\/noticia\/wp-json\/wp\/v2\/users\/4"}],"replies":[{"embeddable":true,"href":"https:\/\/migracao.redenoticia.com.br\/noticia\/wp-json\/wp\/v2\/comments?post=115240"}],"version-history":[{"count":0,"href":"https:\/\/migracao.redenoticia.com.br\/noticia\/wp-json\/wp\/v2\/posts\/115240\/revisions"}],"wp:featuredmedia":[{"embeddable":true,"href":"https:\/\/migracao.redenoticia.com.br\/noticia\/wp-json\/wp\/v2\/media\/99331"}],"wp:attachment":[{"href":"https:\/\/migracao.redenoticia.com.br\/noticia\/wp-json\/wp\/v2\/media?parent=115240"}],"wp:term":[{"taxonomy":"category","embeddable":true,"href":"https:\/\/migracao.redenoticia.com.br\/noticia\/wp-json\/wp\/v2\/categories?post=115240"},{"taxonomy":"post_tag","embeddable":true,"href":"https:\/\/migracao.redenoticia.com.br\/noticia\/wp-json\/wp\/v2\/tags?post=115240"}],"curies":[{"name":"wp","href":"https:\/\/api.w.org\/{rel}","templated":true}]}}