{"id":115243,"date":"2017-06-15T16:25:11","date_gmt":"2017-06-15T19:25:11","guid":{"rendered":"https:\/\/www.redenoticia.com.br\/noticia\/?p=115243"},"modified":"2017-06-15T16:25:11","modified_gmt":"2017-06-15T19:25:11","slug":"resumo-novela-chiquititas-1606-duda-acha-que-foi-adotado","status":"publish","type":"post","link":"https:\/\/migracao.redenoticia.com.br\/noticia\/2017\/resumo-novela-chiquititas-1606-duda-acha-que-foi-adotado\/115243","title":{"rendered":"Resumo novela \u201cChiquititas\u201d 16\/06: Duda acha que foi adotado"},"content":{"rendered":"<p><img loading=\"lazy\" decoding=\"async\" class=\"alignleft size-thumbnail wp-image-49690\" src=\"https:\/\/migracao.redenoticia.com.br\/noticia\/imagens\/chiquititas1-150x112.jpg\" alt=\"chiquititas\" width=\"150\" height=\"112\" \/><strong><em>Resumo novela \u201cChiquititas\u201d 16\/06<\/em><\/strong>: no cap\u00edtulo 199(*) da novela \u201cChiquititas\u201d, resumo de sexta-feira, 16 de junho, Tom\u00e1s Ferraz, que na verdade \u00e9 Tobias, n\u00e3o gosta de ver que Beto tamb\u00e9m ser\u00e1 seu dan\u00e7arino. Carol chega ao quarto das meninas no momento em que Ernestina, que na verdade \u00e9 Matilde, est\u00e1 maltratando Dani. Matilde para, por\u00e9m afronta Carol antes de deix\u00e1-las sozinhas. Jos\u00e9 Ricardo e Carmen passam a desconfiar das sa\u00eddas de Valentina e acham que se realmente Miguel estiver vivo ela est\u00e1 se encontrando com ele. No outro dia, Carmen segue Valentina pela rua. Regina continua com os coment\u00e1rios \u00e1cidos e diz que Eduarda precisa de cirurgias pl\u00e1sticas. Valentina percebe que est\u00e1 sendo seguida por Carmen e decide disfar\u00e7ar. Valentina entrega a comida para moradores de rua e Carmen passa a achar que ela disse a verdade. Os meninos tentam novamente fazer a aproxima\u00e7\u00e3o do jogador de futebol Alexander e Thiago, que diz ser filho dele. Uma rep\u00f3rter de celebridades aparece no local e decide filmar o encontro dos dois, que chamou de \u201cgrande bomba\u201d. Alexander diz que n\u00e3o possui filho algum. Duda v\u00ea que sua m\u00e3e (que est\u00e1 em outro pa\u00eds) postou uma foto com seu novo namorado e o filho dele. O menino acha que a m\u00e3e n\u00e3o fala direito com ele, pois est\u00e1 feliz com outra fam\u00edlia. Duda diz que acha que foi adotado. Jos\u00e9 Ricardo explica que n\u00e3o faz sentido isso. Thiago passa a achar que talvez seja filho de outro jogador famoso.<\/p>\n<p>(*) edi\u00e7\u00e3o do SBT, Novela \u201cChiquititas\u201d, sujeito a altera\u00e7\u00e3o de data e conte\u00fado.<\/p>\n<p>Chiquititas gira em torno do orfanato Raio de Luz, que carrega em sua hist\u00f3ria um grande segredo envolvendo a fam\u00edlia e o dono do orfanato, Dr. Jos\u00e9 Ricardo Almeida Campos. Em um per\u00edodo anterior \u00e0 novela, exatos treze anos, sua filha Gabriela se apaixonou e ficou gr\u00e1vida de Miguel, filho de Valentina, empregada da casa dos Almeida Campos. Pouco depois, Jos\u00e9 Ricardo sequestrou sua neta, pois, como um homem conservador, ele n\u00e3o aceitava a ideia de que sua filha se envolvesse com um empregado. Como sua neta, Milena, apelidada como Mili, precisava de um lugar para morar, ele comprou um casar\u00e3o e fundou um orfanato, o Raio de Luz. Mili cresceu l\u00e1 com outras garotas que chegaram posteriormente: Bia, Ana, as irm\u00e3s Tati e Vivi, e Cris. Ao decorrer dos anos, elas se tornam uma fam\u00edlia. Elas s\u00e3o supervisionadas por Ernestina, zeladora do orfanato, e Chico, o cozinheiro amado pelas internas. Sofia, ex-governanta da fam\u00edlia Almeida Campos, \u00e9 a diretora do lugar, at\u00e9 que Carmem, irm\u00e3 de Jos\u00e9 Ricardo, entre em seu lugar. Chegam ainda mais \u00f3rf\u00e3os: Pata, Mosca, Binho e Rafa, que viviam nas ruas antes de entrarem na institui\u00e7\u00e3o. Pata e Mili tornam-se amigas rapidamente, enquanto Mosca, Binho e Rafa s\u00e3o os primeiros garotos a entrar no abrigo. As crian\u00e7as sem-teto foram ajudadas por uma doce e bela garota que tocam e mudam a vida delas, assim como as das garotas \u00f3rf\u00e3s.<\/p>\n","protected":false},"excerpt":{"rendered":"<p>Resumo novela \u201cChiquititas\u201d 16\/06: no cap\u00edtulo 199(*) da novela \u201cChiquititas\u201d, resumo de sexta-feira, 16 de junho, Tom\u00e1s Ferraz, que na verdade \u00e9 Tobias, n\u00e3o gosta de ver que Beto tamb\u00e9m ser\u00e1 seu dan\u00e7arino. Carol chega ao quarto das meninas no momento em que Ernestina, que na verdade \u00e9 Matilde, est\u00e1 maltratando Dani. Matilde para, por\u00e9m [&hellip;]<\/p>\n","protected":false},"author":4,"featured_media":49690,"comment_status":"open","ping_status":"closed","sticky":false,"template":"","format":"standard","meta":{"tdm_status":"","tdm_grid_status":"","footnotes":""},"categories":[409,379,372,343],"tags":[441],"class_list":{"0":"post-115243","1":"post","2":"type-post","3":"status-publish","4":"format-standard","5":"has-post-thumbnail","7":"category-chiquititas","8":"category-novelas","9":"category-sbt","10":"category-televisao","11":"tag-resumo-do-dia"},"_links":{"self":[{"href":"https:\/\/migracao.redenoticia.com.br\/noticia\/wp-json\/wp\/v2\/posts\/115243","targetHints":{"allow":["GET"]}}],"collection":[{"href":"https:\/\/migracao.redenoticia.com.br\/noticia\/wp-json\/wp\/v2\/posts"}],"about":[{"href":"https:\/\/migracao.redenoticia.com.br\/noticia\/wp-json\/wp\/v2\/types\/post"}],"author":[{"embeddable":true,"href":"https:\/\/migracao.redenoticia.com.br\/noticia\/wp-json\/wp\/v2\/users\/4"}],"replies":[{"embeddable":true,"href":"https:\/\/migracao.redenoticia.com.br\/noticia\/wp-json\/wp\/v2\/comments?post=115243"}],"version-history":[{"count":0,"href":"https:\/\/migracao.redenoticia.com.br\/noticia\/wp-json\/wp\/v2\/posts\/115243\/revisions"}],"wp:featuredmedia":[{"embeddable":true,"href":"https:\/\/migracao.redenoticia.com.br\/noticia\/wp-json\/wp\/v2\/media\/49690"}],"wp:attachment":[{"href":"https:\/\/migracao.redenoticia.com.br\/noticia\/wp-json\/wp\/v2\/media?parent=115243"}],"wp:term":[{"taxonomy":"category","embeddable":true,"href":"https:\/\/migracao.redenoticia.com.br\/noticia\/wp-json\/wp\/v2\/categories?post=115243"},{"taxonomy":"post_tag","embeddable":true,"href":"https:\/\/migracao.redenoticia.com.br\/noticia\/wp-json\/wp\/v2\/tags?post=115243"}],"curies":[{"name":"wp","href":"https:\/\/api.w.org\/{rel}","templated":true}]}}